{"id":1251193,"date":"2023-02-23T23:10:38","date_gmt":"2023-02-24T05:10:38","guid":{"rendered":"https:\/\/www.acapulcopress.com\/?p=1251193"},"modified":"2023-02-23T23:10:38","modified_gmt":"2023-02-24T05:10:38","slug":"impulsa-evelyn-salgado-ampliacion-de-cobertura-celular-e-internet-en-guerrero","status":"publish","type":"post","link":"https:\/\/www.acapulcopress.com\/index.php\/2023\/02\/23\/impulsa-evelyn-salgado-ampliacion-de-cobertura-celular-e-internet-en-guerrero\/","title":{"rendered":"Impulsa Evelyn Salgado ampliaci\u00f3n de cobertura celular e internet en Guerrero"},"content":{"rendered":"<p style=\"text-align: justify;\">CHILPANCINGO * 23 de febrero de 2023.<br \/>\n) <a href=\"https:\/\/www.facebook.com\/GobiernoGuerrero\" target=\"_blank\" rel=\"noopener\">Gobierno de Guerrero<\/a><br \/>\nComo parte del Plan Integral de Conectividad para Guerrero, la gobernadora <a href=\"https:\/\/www.facebook.com\/EvelynSalgadoP\" target=\"_blank\" rel=\"noopener\">Evelyn Salgado Pineda<\/a> se reuni\u00f3 con el director general de CFE Telecomunicaciones Internet para Todos, David Pantoja Mel\u00e9ndez y el coordinador de la Estrategia Digital Nacional, Carlos Emiliano Calder\u00f3n Mercado, con quienes revis\u00f3 los alcances y resultados del programa en sus primeras etapas.<\/p>\n<p style=\"text-align: justify;\">Con el programa prioritario \u201cInternet para Todos\u201d, Guerrero avanza para brindar servicios de telecomunicaciones e internet gratuito a las y los guerrerenses de las comunidades m\u00e1s alejadas y marginadas del estado.<img loading=\"lazy\" decoding=\"async\" class=\"alignleft size-medium wp-image-1251185\" src=\"https:\/\/www.acapulcopress.com\/wp-content\/uploads\/2023\/02\/EVELYN.CFE2_-375x250.jpg\" alt=\"\" width=\"375\" height=\"250\" \/><\/p>\n<p style=\"text-align: justify;\">Reunidos en Casa Guerrero, se acord\u00f3 redoblar esfuerzos para ampliar el servicio de internet gratuito, con el que hasta ahora se han instalado 2 mil 926 puntos de acceso en las ocho regiones de Guerrero, con especial atenci\u00f3n a las zonas de mayor marginaci\u00f3n.<\/p>\n<p style=\"text-align: justify;\">La mandataria estatal, anunci\u00f3 que pr\u00f3ximamente se instalar\u00e1n 176 torres en diversas partes del estado para ampliar la cobertura de los servicios de telefon\u00eda celular e internet, lo que se traduce en mayor desarrollo y una mejor comunicaci\u00f3n en municipios que actualmente no cuentan con estos beneficios.<\/p>\n<p style=\"text-align: justify;\">En esta estrategia de avance tecnol\u00f3gico, la gobernadora reconoci\u00f3 el apoyo incondicional de nuestro presidente Andr\u00e9s Manuel L\u00f3pez Obrador con Guerrero con el objetivo de abatir los rezagos hist\u00f3ricos de la entidad y del pa\u00eds.<\/p>\n<p style=\"text-align: justify;\">En la reuni\u00f3n estuvieron presentes el Jefe de la Oficina de la Gobernadora, Jes\u00fas Uri\u00f3stegui Garc\u00eda; el subsecretario de Administraci\u00f3n y Finanzas, Ricardo Salinas M\u00e9ndez, entre otros funcionarios\u00a0de\u00a0la\u00a0CFE.<br \/>\n<em><br \/>\n] Vis\u00edtanos en ) acapulcopress.com y S\u00edguenos en ) facebook.com\/<a href=\"https:\/\/www.facebook.com\/acapulcopress.news\" target=\"_blank\" rel=\"noopener\">acapulcopress.news<\/a><\/em><\/p>\n","protected":false},"excerpt":{"rendered":"<p>CHILPANCINGO * 23 de febrero de 2023. ) Gobierno de Guerrero Como parte del Plan Integral de Conectividad para Guerrero, la gobernadora Evelyn Salgado Pineda se reuni\u00f3 con el director general de CFE Telecomunicaciones Internet para Todos, David Pantoja Mel\u00e9ndez y el coordinador de la Estrategia Digital Nacional, Carlos Emiliano Calder\u00f3n Mercado, con quienes revis\u00f3&#8230;<\/p>\n","protected":false},"author":2,"featured_media":1251186,"comment_status":"closed","ping_status":"closed","sticky":false,"template":"","format":"standard","meta":{"footnotes":""},"categories":[1983,18561],"tags":[8251,9302,10380],"class_list":["post-1251193","post","type-post","status-publish","format-standard","has-post-thumbnail","hentry","category-guerrerogob","category-society-politics","tag-evelyn-salgado-pineda","tag-gobierno-de-guerrero","tag-internet-para-todos"],"_links":{"self":[{"href":"https:\/\/www.acapulcopress.com\/index.php\/wp-json\/wp\/v2\/posts\/1251193","targetHints":{"allow":["GET"]}}],"collection":[{"href":"https:\/\/www.acapulcopress.com\/index.php\/wp-json\/wp\/v2\/posts"}],"about":[{"href":"https:\/\/www.acapulcopress.com\/index.php\/wp-json\/wp\/v2\/types\/post"}],"author":[{"embeddable":true,"href":"https:\/\/www.acapulcopress.com\/index.php\/wp-json\/wp\/v2\/users\/2"}],"replies":[{"embeddable":true,"href":"https:\/\/www.acapulcopress.com\/index.php\/wp-json\/wp\/v2\/comments?post=1251193"}],"version-history":[{"count":0,"href":"https:\/\/www.acapulcopress.com\/index.php\/wp-json\/wp\/v2\/posts\/1251193\/revisions"}],"wp:featuredmedia":[{"embeddable":true,"href":"https:\/\/www.acapulcopress.com\/index.php\/wp-json\/"}],"wp:attachment":[{"href":"https:\/\/www.acapulcopress.com\/index.php\/wp-json\/wp\/v2\/media?parent=1251193"}],"wp:term":[{"taxonomy":"category","embeddable":true,"href":"https:\/\/www.acapulcopress.com\/index.php\/wp-json\/wp\/v2\/categories?post=1251193"},{"taxonomy":"post_tag","embeddable":true,"href":"https:\/\/www.acapulcopress.com\/index.php\/wp-json\/wp\/v2\/tags?post=1251193"}],"curies":[{"name":"wp","href":"https:\/\/api.w.org\/{rel}","templated":true}]}}