{"id":1251195,"date":"2023-02-23T23:26:28","date_gmt":"2023-02-24T05:26:28","guid":{"rendered":"https:\/\/www.acapulcopress.com\/?p=1251195"},"modified":"2023-02-23T23:26:28","modified_gmt":"2023-02-24T05:26:28","slug":"muere-en-un-asalto-en-ensenada-el-periodista-jose-ramiro-araujo","status":"publish","type":"post","link":"https:\/\/www.acapulcopress.com\/index.php\/2023\/02\/23\/muere-en-un-asalto-en-ensenada-el-periodista-jose-ramiro-araujo\/","title":{"rendered":"Muere en un asalto en Ensenada el periodista Jos\u00e9 Ramiro Araujo"},"content":{"rendered":"<p style=\"text-align: justify;\">CIUDAD DE M\u00c9XICO * 23 de febrero de 2023.<br \/>\n<em>) <a href=\"https:\/\/lopezdoriga.com\/nacional\/asesinan-al-periodista-jose-ramiro-araujo-en-ensenada-baja-california\/\" target=\"_blank\" rel=\"noopener\">L\u00f3pez-D\u00f3riga Digital<\/a><\/em><br \/>\nLa <a href=\"https:\/\/www.facebook.com\/PeriodistasdeEnsenada\" target=\"_blank\" rel=\"noopener\">Asociaci\u00f3n de Periodistas de Ensenada<\/a> conden\u00f3 este jueves el asesinato de <a href=\"https:\/\/www.facebook.com\/sol.ensenada\" target=\"_blank\" rel=\"noopener\">Jos\u00e9 Ramiro <img loading=\"lazy\" decoding=\"async\" class=\"alignleft size-medium wp-image-1251196\" src=\"https:\/\/www.acapulcopress.com\/wp-content\/uploads\/2023\/02\/Jose-Ramiro-Araujo-Ochoa-375x375.jpeg\" alt=\"\" width=\"375\" height=\"375\" \/>Araujo Ochoa<\/a>, quien se desempe\u00f1aba como reportero gr\u00e1fico de varios medios en esa regi\u00f3n de Baja California.<\/p>\n<p style=\"text-align: justify;\">De acuerdo con reportes, los hechos se registraron el martes 21 de febrero, cuando fue v\u00edctima de asalto. Tras cubrir el <em>Festival de Ensenada 2023<\/em>, el comunicador fue interceptado por sujetos de camino a su casa.<\/p>\n<p style=\"text-align: justify;\">La v\u00edctima se habr\u00eda resistido al asalto, por lo que fue agredido con un arma blanca sobre la avenida Guaymas del fraccionamiento Acapulco.<\/p>\n<p style=\"text-align: justify;\">La <a href=\"https:\/\/www.facebook.com\/fgebaja\" target=\"_blank\" rel=\"noopener\">Fiscal\u00eda de Baja California<\/a> confirm\u00f3 la detenci\u00f3n de Gael \u201cN\u201d y Daniel \u201cN\u201d por el delito de homicidio calificado.<\/p>\n<p><strong>COMUNICADO OFICIAL DE FGEBC\u00a0<\/strong><\/p>\n<p style=\"text-align: justify;\"><em>La Fiscal\u00eda General del Estado (FGE), inicio proceso penal en contra de Gael \u00abN\u00bb y Daniel \u00abN\u00bb, investigados por su presunta participaci\u00f3n en el delito de homicidio calificado, cometido hace unos d\u00edas en agravio de un fot\u00f3grafo en el puerto.<\/em><\/p>\n<p style=\"text-align: justify;\"><em>En la audiencia inicial se formul\u00f3 imputaci\u00f3n para ambos detenidos por robo con violencia y homicidio calificado con ventaja; se solicit\u00f3 vinculaci\u00f3n a proceso acogi\u00e9ndose al plazo de 72 horas, quedando con medida cautelar de internamiento en el Centro de Internamiento para Adolescentes de Ensenada<\/em><\/p>\n<p style=\"text-align: justify;\"><em>De acuerdo con la investigaci\u00f3n efectuada por la Fiscal\u00eda Especializada en Delitos Contra la Vida, ambos imputados habr\u00edan asaltado y herido de muerte a un hombre de aproximadamente 67 a\u00f1os de edad; el 21 de febrero del a\u00f1o en curso, en el Bulevar Costero.<\/em><\/p>\n<p style=\"text-align: justify;\"><em>El d\u00eda del crimen, agentes que patrullaban la zona del malec\u00f3n, alrededor de las 01:25 horas atendieron un reporte ciudadano en el que mencion\u00f3 una ri\u00f1a; tras arribar a la avenida Guaymas del fraccionamiento Acapulco, loa oficiales observaron a un hombre sin vida, con heridas en abdomen y t\u00f3rax al parecer producidas por navaja.<\/em><\/p>\n<p style=\"text-align: justify;\"><em>En la carpeta de investigaci\u00f3n se asent\u00f3 que tras un operativo de b\u00fasqueda, se localiz\u00f3 a los posibles responsables del asesinato corriendo por la playa, a escasos metros de la escena del crimen; ten\u00edan manchas de sangre en su vestimenta, un celular, dos chamarras y una navaja.<\/em><\/p>\n<p style=\"text-align: justify;\"><em>Ambos imputados, cuentan con historial delictivo por comisi\u00f3n de delitos contra la salud y robo.<\/em><\/p>\n<p><em>] Vis\u00edtanos en ) acapulcopress.com y S\u00edguenos en ) facebook.com\/<a href=\"https:\/\/www.facebook.com\/acapulcopress.news\" target=\"_blank\" rel=\"noopener\">acapulcopress.news<\/a><\/em><\/p>\n","protected":false},"excerpt":{"rendered":"<p>CIUDAD DE M\u00c9XICO * 23 de febrero de 2023. ) L\u00f3pez-D\u00f3riga Digital La Asociaci\u00f3n de Periodistas de Ensenada conden\u00f3 este jueves el asesinato de Jos\u00e9 Ramiro Araujo Ochoa, quien se desempe\u00f1aba como reportero gr\u00e1fico de varios medios en esa regi\u00f3n de Baja California. De acuerdo con reportes, los hechos se registraron el martes 21 de&#8230;<\/p>\n","protected":false},"author":2,"featured_media":1251197,"comment_status":"closed","ping_status":"closed","sticky":false,"template":"","format":"standard","meta":{"footnotes":""},"categories":[1969,1972,2005],"tags":[4291,8569,11109],"class_list":["post-1251195","post","type-post","status-publish","format-standard","has-post-thumbnail","hentry","category-trending","category-special","category-seguridad-y-justicia","tag-asociacion-de-periodistas-de-ensenada","tag-festival-de-ensenada-2023","tag-jose-ramiro-araujo-ochoa"],"_links":{"self":[{"href":"https:\/\/www.acapulcopress.com\/index.php\/wp-json\/wp\/v2\/posts\/1251195","targetHints":{"allow":["GET"]}}],"collection":[{"href":"https:\/\/www.acapulcopress.com\/index.php\/wp-json\/wp\/v2\/posts"}],"about":[{"href":"https:\/\/www.acapulcopress.com\/index.php\/wp-json\/wp\/v2\/types\/post"}],"author":[{"embeddable":true,"href":"https:\/\/www.acapulcopress.com\/index.php\/wp-json\/wp\/v2\/users\/2"}],"replies":[{"embeddable":true,"href":"https:\/\/www.acapulcopress.com\/index.php\/wp-json\/wp\/v2\/comments?post=1251195"}],"version-history":[{"count":0,"href":"https:\/\/www.acapulcopress.com\/index.php\/wp-json\/wp\/v2\/posts\/1251195\/revisions"}],"wp:featuredmedia":[{"embeddable":true,"href":"https:\/\/www.acapulcopress.com\/index.php\/wp-json\/"}],"wp:attachment":[{"href":"https:\/\/www.acapulcopress.com\/index.php\/wp-json\/wp\/v2\/media?parent=1251195"}],"wp:term":[{"taxonomy":"category","embeddable":true,"href":"https:\/\/www.acapulcopress.com\/index.php\/wp-json\/wp\/v2\/categories?post=1251195"},{"taxonomy":"post_tag","embeddable":true,"href":"https:\/\/www.acapulcopress.com\/index.php\/wp-json\/wp\/v2\/tags?post=1251195"}],"curies":[{"name":"wp","href":"https:\/\/api.w.org\/{rel}","templated":true}]}}