{"id":1251206,"date":"2023-02-24T00:16:46","date_gmt":"2023-02-24T06:16:46","guid":{"rendered":"https:\/\/www.acapulcopress.com\/?p=1251206"},"modified":"2023-02-24T00:16:46","modified_gmt":"2023-02-24T06:16:46","slug":"sector-educativo-colapsado","status":"publish","type":"post","link":"https:\/\/www.acapulcopress.com\/index.php\/2023\/02\/24\/sector-educativo-colapsado\/","title":{"rendered":"Sector educativo colapsado"},"content":{"rendered":"<p style=\"text-align: justify;\">Marem\u00e1gnum<br \/>\n\u00bb <strong>RICARDO<\/strong> | <strong>CASTILLO BARRIENTOS<\/strong><br \/>\n<em>) Facebook: @ <a href=\"https:\/\/www.facebook.com\/ricardocastill01\" target=\"_blank\" rel=\"noopener\">Ricardo Castillo Barrientos<\/a><\/em><\/p>\n<p style=\"text-align: justify;\">Se ha repetido hasta el cansancio que la educaci\u00f3n es el medio m\u00e1s eficaz para avanzar hacia el desarrollo y progreso.<\/p>\n<p>En el discurso pol\u00edtico y en los foros abiertos, el tema de la educaci\u00f3n es recurrente, con propuesta halag\u00fce\u00f1as y factibles de realizaci\u00f3n, que simplemente quedan en el discurso y papel, porque resultan contrastantes con la realidad, tenemos m\u00faltiples ejemplos en la actualidad.<\/p>\n<p>Un d\u00eda s\u00ed y otro tambi\u00e9n, observamos pasivamente infinidad de protestas de todo tipo en el sector educativo guerrerense. Los bloqueos de calles, carreteras y Autopista del Sol, se realizan cotidianamente en todas las regiones de la entidad sin excepci\u00f3n, desde la educaci\u00f3n inicial hasta el nivel superior.<\/p>\n<p>Los motivos de protestas son variados y protagonizados por miembros de la CETEG o del SNTE, no importan las siglas sindicales, para el caso son lo mismo: Toma de instalaciones de la SEG, cierre de escuelas, asignaci\u00f3n y reasignaci\u00f3n de plazas, falta de pagos de seguros, destituci\u00f3n de directivos, suspensi\u00f3n de labores injustificadas, falta de maestros por jubilaci\u00f3n, plazas dobles, falta de pago de salarios atrasados, infraestructura escolar deteriorada, etc\u00e9tera.<\/p>\n<p>Como vemos, todo un rosario de anomal\u00edas prevalece en la Secretar\u00eda de Educaci\u00f3n Guerrero, estando incapacitada para atender y resolver esta aguda problem\u00e1tica, la cual, el titular de la SEG, responsabiliza a gobiernos anteriores de forma simplista, pretendiendo lavarse las manos.<\/p>\n<p>Nadie puede negar que las autoridades educativas han sido rebasadas, no encuentran la puerta de salida, est\u00e1n entrampadas o empantanadas ante el disimulo gubernamental.<br \/>\nDefinitivamente, la Secretar\u00eda de Educaci\u00f3n Guerrero vive colapsada, siendo necesario retornar el modelo anterior de la federalizaci\u00f3n de la educaci\u00f3n ante el evidente fracaso de la descentralizaci\u00f3n educativa; tal como ya se est\u00e1 haciendo con el sistema estatal de salud. No hay otra alternativa y ese debe ser el planteamiento de la gobernadora Evelyn Salgado ante las autoridades educativas federales y con el Presidente L\u00f3pez Obrador.<\/p>\n<p><strong>Marea Baja.-<\/strong> A prop\u00f3sito de la SEP, recomienda a los profesores de educaci\u00f3n b\u00e1sica, las lecturas de Carlos Marx y Vladimir Ilich Lenin, El Capital y \u00bfQu\u00e9 Hacer?, respectivamente. Con el objeto de \u201cenfrentar las din\u00e1micas de opresi\u00f3n\u201d y formar \u201ca un nuevo mexicano\u201d y \u201cuna nueva mexicanidad af\u00edn a la transformaci\u00f3n irreversible del pa\u00eds\u201d.<\/p>\n<p>El director de Materiales Educativos, Max Arriaga, es el responsable de los nuevos contenidos que ya se consideran en los libros de texto de la nueva Revoluci\u00f3n Educativa, impulsada por el Presidente L\u00f3pez Obrador.<\/p>\n<p>Para que los educandos adquieran una visi\u00f3n global, debe de tomarse en cuenta temas sobre el Capitalismo, Neoliberalismo y Liberalismo Social, para que no sean parciales los contenidos educativos oficiales y as\u00ed, los estudiantes puedan formarse una visi\u00f3n pol\u00edtica, econ\u00f3mica y social, m\u00e1s amplia de la humanidad.<\/p>\n<p><strong>Marea Alta.-<\/strong> Con motivo de la reciente conmemoraci\u00f3n del \u201cD\u00eda Internacional de la Lengua Materna\u201d, en Guerrero tenemos 338 pueblos nahuas; 245 me \u00b4phaa; 84 tu un savi (mixteco); 49 \u00f1omndaa (amuzgo).<\/p>\n<p>Nuestras lenguas originarias han venido mermando debido a la emigraci\u00f3n de sus pobladores y a la castellanizaci\u00f3n que son sometidos en algunas escuelas ubicadas de comunidades ind\u00edgenas, corriendo el riesgo de su extinci\u00f3n como sucedi\u00f3 con la lengua Yope, que prevaleci\u00f3 en los municipios de Acapulco y Tierra Colorada. Poco se hace para la conservaci\u00f3n de nuestras ra\u00edces ling\u00fcisticas.<\/p>\n<p><strong>Maremoto.-<\/strong> Frente al fuerte reclamo del rector interino de la UAGro, Jos\u00e9 Alfredo Romero, al gobierno federal sobre la insuficiencia presupuestal para infraestructura educativa de 2023, a trav\u00e9s del Fondo de Aportaciones M\u00faltiples (FAM), por la cantidad de 30 millones de pesos.<\/p>\n<p>La gobernadora del estado, Evelyn Salgado Pineda, sali\u00f3 al paso y actu\u00f3 de inmediato y casi doblete\u00f3 el presupuesto original al asignar 23.5 millones de pesos, en infraestructura y equipamiento para esa instituci\u00f3n educativa superior.<\/p>\n<p>Esta significativa inversi\u00f3n estatal ser\u00e1 destinada a la remodelaci\u00f3n de la pista de atletismo de tart\u00e1n del Estadio Universitario, por 8 millones de pesos, m\u00e1s 15.5 millones en equipamiento como proyectores, computadoras, impresoras, aires acondicionados, mobiliario de oficina, entre otros art\u00edculos.<\/p>\n<p><em>Esta columna se publica los martes y jueves de cada semana. Hasta la pr\u00f3xima entrega.<\/em><\/p>\n","protected":false},"excerpt":{"rendered":"<p>Marem\u00e1gnum \u00bb RICARDO | CASTILLO BARRIENTOS ) Facebook: @ Ricardo Castillo Barrientos Se ha repetido hasta el cansancio que la educaci\u00f3n es el medio m\u00e1s eficaz para avanzar hacia el desarrollo y progreso. En el discurso pol\u00edtico y en los foros abiertos, el tema de la educaci\u00f3n es recurrente, con propuesta halag\u00fce\u00f1as y factibles de&#8230;<\/p>\n","protected":false},"author":2,"featured_media":1251207,"comment_status":"closed","ping_status":"closed","sticky":false,"template":"","format":"standard","meta":{"footnotes":""},"categories":[2071,1991],"tags":[12503,15575],"class_list":["post-1251206","post","type-post","status-publish","format-standard","has-post-thumbnail","hentry","category-opinion-analisis-columnas","category-libertad-de-expresion","tag-maremagnum","tag-ricardo-castillo-barrientos"],"_links":{"self":[{"href":"https:\/\/www.acapulcopress.com\/index.php\/wp-json\/wp\/v2\/posts\/1251206","targetHints":{"allow":["GET"]}}],"collection":[{"href":"https:\/\/www.acapulcopress.com\/index.php\/wp-json\/wp\/v2\/posts"}],"about":[{"href":"https:\/\/www.acapulcopress.com\/index.php\/wp-json\/wp\/v2\/types\/post"}],"author":[{"embeddable":true,"href":"https:\/\/www.acapulcopress.com\/index.php\/wp-json\/wp\/v2\/users\/2"}],"replies":[{"embeddable":true,"href":"https:\/\/www.acapulcopress.com\/index.php\/wp-json\/wp\/v2\/comments?post=1251206"}],"version-history":[{"count":0,"href":"https:\/\/www.acapulcopress.com\/index.php\/wp-json\/wp\/v2\/posts\/1251206\/revisions"}],"wp:featuredmedia":[{"embeddable":true,"href":"https:\/\/www.acapulcopress.com\/index.php\/wp-json\/"}],"wp:attachment":[{"href":"https:\/\/www.acapulcopress.com\/index.php\/wp-json\/wp\/v2\/media?parent=1251206"}],"wp:term":[{"taxonomy":"category","embeddable":true,"href":"https:\/\/www.acapulcopress.com\/index.php\/wp-json\/wp\/v2\/categories?post=1251206"},{"taxonomy":"post_tag","embeddable":true,"href":"https:\/\/www.acapulcopress.com\/index.php\/wp-json\/wp\/v2\/tags?post=1251206"}],"curies":[{"name":"wp","href":"https:\/\/api.w.org\/{rel}","templated":true}]}}