{"id":1251209,"date":"2023-02-24T17:24:56","date_gmt":"2023-02-24T23:24:56","guid":{"rendered":"https:\/\/www.acapulcopress.com\/?p=1251209"},"modified":"2023-02-24T17:24:56","modified_gmt":"2023-02-24T23:24:56","slug":"convoca-congreso-a-salvaguardar-principios-y-valores-patrios","status":"publish","type":"post","link":"https:\/\/www.acapulcopress.com\/index.php\/2023\/02\/24\/convoca-congreso-a-salvaguardar-principios-y-valores-patrios\/","title":{"rendered":"Convoca Congreso a salvaguardar principios y valores patrios"},"content":{"rendered":"<p style=\"text-align: justify;\">CHILPANCINGO * 24 de febrero de 2023.<br \/>\n<em>) Congreso de Guerrero<br \/>\n<\/em>En el marco de la conmemoraci\u00f3n del 24 de febrero, D\u00eda de la Bandera Mexicana, la diputada Claudia Sierra P\u00e9rez hizo un llamado a salvaguardar los principios y valores que representa este s\u00edmbolo patrio, para que siga siendo inspiraci\u00f3n de lucha y orgullo en las presentes y futuras generaciones del estado y el pa\u00eds.<\/p>\n<p style=\"text-align: justify;\">La legisladora del Grupo Parlamentario de Morena refiri\u00f3 que este es uno de los s\u00edmbolos m\u00e1s queridos y respetados por los mexicanos, porque representa nuestra independencia, libertad, igualdad y unidad, y es esencia tambi\u00e9n de la diversidad, historia y cultura del pa\u00eds.<\/p>\n<p style=\"text-align: justify;\">Remembr\u00f3 que el 24 de febrero de 1821, Agust\u00edn de Iturbide y Vicente Guerrero dieron a conocer el Plan de Iguala que proclamaba la Independencia de M\u00e9xico.<\/p>\n<p style=\"text-align: justify;\">Dicho plan, abund\u00f3, ten\u00eda como principios fundamentales garantizar la independencia, religi\u00f3n y uni\u00f3n, lo que se conoce como \u201cLas Tres Garant\u00edas\u201d, y que fue entregada a las fuerzas de ambos caudillos independentistas.<\/p>\n<p style=\"text-align: justify;\">Como dato hist\u00f3rico, a\u00f1adi\u00f3 que la Bandera Trigarante fue confeccionada en 1820, tomando el dise\u00f1o general que mantiene hasta hoy tres franjas verticales en verde blanco y rojo, cuyo significado es tambi\u00e9n la esperanza, la unidad y pureza de los ideales del pueblo, y la sangre que derramaron los h\u00e9roes por la Patria.<\/p>\n<p style=\"text-align: justify;\">Resalt\u00f3 que en la actualidad celebramos cada 24 de febrero a nuestra bandera como un s\u00edmbolo de libertad, justicia y nacionalidad, insignia que junto con el himno y el escudo nacional representan al pa\u00eds y son motivo de orgullo de mexicanas y mexicanos.<\/p>\n<p style=\"text-align: justify;\">Por todo lo anterior, Sierra P\u00e9rez llam\u00f3 a la ciudadan\u00eda a seguir fomentando entre hijos e hijas la importancia que reviste nuestra bandera y el respeto que debemos rendirle, como un s\u00edmbolo de la lucha por la soberan\u00eda que en toda su extensi\u00f3n dieron miles de mexicanos por el derecho a vivir en una naci\u00f3n independiente y sin intervenciones extranjeras, y que hoy m\u00e1s que nunca est\u00e1 vigente.<\/p>\n<p style=\"text-align: justify;\"><em>] Vis\u00edtanos en ) acapulcopress.com y S\u00edguenos en ) facebook.com\/<a href=\"https:\/\/www.facebook.com\/acapulcopress.news\" target=\"_blank\" rel=\"noopener\">acapulcopress.news<\/a><\/em><\/p>\n","protected":false},"excerpt":{"rendered":"<p>CHILPANCINGO * 24 de febrero de 2023. ) Congreso de Guerrero En el marco de la conmemoraci\u00f3n del 24 de febrero, D\u00eda de la Bandera Mexicana, la diputada Claudia Sierra P\u00e9rez hizo un llamado a salvaguardar los principios y valores que representa este s\u00edmbolo patrio, para que siga siendo inspiraci\u00f3n de lucha y orgullo en&#8230;<\/p>\n","protected":false},"author":2,"featured_media":1251210,"comment_status":"closed","ping_status":"closed","sticky":false,"template":"","format":"standard","meta":{"footnotes":""},"categories":[61,18561],"tags":[3404,4560,4562,6370,7163,9557,17830],"class_list":["post-1251209","post","type-post","status-publish","format-standard","has-post-thumbnail","hentry","category-legislacion","category-society-politics","tag-agustin-de-iturbide","tag-bandera-de-las-tres-garantias","tag-bandera-trigarante","tag-congreso-de-guerrero","tag-dia-de-la-bandera","tag-guerrero-lxiii-legislatura","tag-vicente-guerrero"],"_links":{"self":[{"href":"https:\/\/www.acapulcopress.com\/index.php\/wp-json\/wp\/v2\/posts\/1251209","targetHints":{"allow":["GET"]}}],"collection":[{"href":"https:\/\/www.acapulcopress.com\/index.php\/wp-json\/wp\/v2\/posts"}],"about":[{"href":"https:\/\/www.acapulcopress.com\/index.php\/wp-json\/wp\/v2\/types\/post"}],"author":[{"embeddable":true,"href":"https:\/\/www.acapulcopress.com\/index.php\/wp-json\/wp\/v2\/users\/2"}],"replies":[{"embeddable":true,"href":"https:\/\/www.acapulcopress.com\/index.php\/wp-json\/wp\/v2\/comments?post=1251209"}],"version-history":[{"count":0,"href":"https:\/\/www.acapulcopress.com\/index.php\/wp-json\/wp\/v2\/posts\/1251209\/revisions"}],"wp:featuredmedia":[{"embeddable":true,"href":"https:\/\/www.acapulcopress.com\/index.php\/wp-json\/"}],"wp:attachment":[{"href":"https:\/\/www.acapulcopress.com\/index.php\/wp-json\/wp\/v2\/media?parent=1251209"}],"wp:term":[{"taxonomy":"category","embeddable":true,"href":"https:\/\/www.acapulcopress.com\/index.php\/wp-json\/wp\/v2\/categories?post=1251209"},{"taxonomy":"post_tag","embeddable":true,"href":"https:\/\/www.acapulcopress.com\/index.php\/wp-json\/wp\/v2\/tags?post=1251209"}],"curies":[{"name":"wp","href":"https:\/\/api.w.org\/{rel}","templated":true}]}}