{"id":1251215,"date":"2023-02-24T18:10:13","date_gmt":"2023-02-25T00:10:13","guid":{"rendered":"https:\/\/www.acapulcopress.com\/?p=1251215"},"modified":"2023-02-24T18:10:13","modified_gmt":"2023-02-25T00:10:13","slug":"convoca-evelyn-salgado-a-la-reconciliacion-y-trabajo-para-el-desarrollo-de-guerrero","status":"publish","type":"post","link":"https:\/\/www.acapulcopress.com\/index.php\/2023\/02\/24\/convoca-evelyn-salgado-a-la-reconciliacion-y-trabajo-para-el-desarrollo-de-guerrero\/","title":{"rendered":"Convoca Evelyn Salgado a la reconciliaci\u00f3n y trabajo para el desarrollo de Guerrero"},"content":{"rendered":"<p style=\"text-align: justify;\">CHILPANCINGO * 24 de febrero de 2023.<br \/>\n<em>) <a href=\"https:\/\/www.facebook.com\/GobiernoGuerrero\" target=\"_blank\" rel=\"noopener\">Gobierno de Guerrero<\/a><\/em><br \/>\nLa gobernadora <a href=\"https:\/\/www.facebook.com\/EvelynSalgadoP\" target=\"_blank\" rel=\"noopener\">Evelyn Salgado Pineda<\/a> desde el <em>Cerro del Tehuehue<\/em> en Iguala, conmemor\u00f3 <img loading=\"lazy\" decoding=\"async\" class=\"alignleft size-medium wp-image-1251227\" src=\"https:\/\/www.acapulcopress.com\/wp-content\/uploads\/2023\/02\/RECONCIALIACION.ESP12-375x553.jpg\" alt=\"\" width=\"375\" height=\"553\" \/>el 202 Aniversario del Nacimiento de la Bandera Nacional, donde llam\u00f3 a la reconciliaci\u00f3n, al trabajo y a la unidad m\u00e1s all\u00e1 de los colores partidistas para que el desarrollo y bienestar sean cada vez m\u00e1s palpables en los lugares de m\u00e1s pobreza y marginaci\u00f3n en Guerrero.<\/p>\n<p style=\"text-align: justify;\">\u00abLes convoco a hacer de nuestro estado el epicentro de todas las libertades, los derechos, la democracia y de la justicia social; hoy reafirmamos nuestro compromiso absoluto con todo el pueblo de Guerrero, tenemos en la bandera un s\u00edmbolo que es testigo de nuestros esfuerzos por un estado m\u00e1s justo, con paz y bienestar\u00bb, puntualiz\u00f3 Evelyn Salgado.<\/p>\n<p style=\"text-align: justify;\">En su mensaje, la gobernadora igualteca destac\u00f3 a Vicente Guerrero como el aut\u00e9ntico consumador de la Independencia de M\u00e9xico, en esta l\u00ednea de tiempo donde le fue encargado al sastre taxque\u00f1o Jos\u00e9 Magdaleno Campo confeccionar la primer bandera de las Tres Garant\u00edas hace 202 a\u00f1os.<\/p>\n<p style=\"text-align: justify;\">En el marco del nacimiento del l\u00e1baro patrio, la mandataria estatal tom\u00f3 Protesta de Bandera a 16 escoltas de diversas escuelas p\u00fablicas de Iguala en el cerro del Tehuehue <img loading=\"lazy\" decoding=\"async\" class=\"alignleft size-medium wp-image-1251231\" src=\"https:\/\/www.acapulcopress.com\/wp-content\/uploads\/2023\/02\/RECONCIALIACION.ESP67-375x276.jpg\" alt=\"\" width=\"375\" height=\"276\" \/>donde iz\u00f3 la segunda bandera monumental m\u00e1s grande de M\u00e9xico con 50 metros de largo, 28.80 metros de ancho y con un peso de 250 kilogramos, enarbolada a m\u00e1s de 113 metros de altura.<\/p>\n<p style=\"text-align: justify;\">Al celebrar el D\u00eda de la Bandera, Evelyn Salgado se\u00f1al\u00f3 que esta fecha tambi\u00e9n podr\u00eda ser denominada como el \u00abD\u00eda de la Reconciliaci\u00f3n\u00bb que entrelaza el pasado y el futuro del pueblo, s\u00edntesis de los valores, de la nacionalidad y del permanente Pacto Federal para garantizar el respeto inquebrantable al Estado de Derecho.<\/p>\n<p style=\"text-align: justify;\">Como parte de estos actos conmemorativos, en su ciudad natal la gobernadora se traslad\u00f3 al primer cuadro de esta ciudad hist\u00f3rica para encabezar una Guardia de Honor a la Bandera Trigarante en el museo de la ciudad, donde tambi\u00e9n cort\u00f3 el list\u00f3n de la exposici\u00f3n Arte de Costa de Marfil, acompa\u00f1ada por los titulares de los poderes legislativo y judicial, as\u00ed como mandos militares y navales.<\/p>\n<p style=\"text-align: justify;\"><strong>Desfile de instituciones educativas, de seguridad, militares y navales<\/strong><\/p>\n<p style=\"text-align: justify;\"><img loading=\"lazy\" decoding=\"async\" class=\"alignleft size-medium wp-image-1251228\" src=\"https:\/\/www.acapulcopress.com\/wp-content\/uploads\/2023\/02\/RECONCIALIACION.ESP17-375x250.jpg\" alt=\"\" width=\"375\" height=\"250\" \/>Posteriormente, la titular del poder Ejecutivo de Guerrero se traslad\u00f3 a la avenida Bandera Nacional de la ciudad de Iguala donde encabez\u00f3 como la primer mujer gobernadora de Guerrero el desfile c\u00edvico &#8211; militar donde particip\u00f3 un nutrido contingente de elementos militares, navales, as\u00ed como elementos de seguridad del estado, protecci\u00f3n civil, as\u00ed como diversas instituciones educativas con motivo a esta fecha de celebraci\u00f3n nacional.<\/p>\n<p style=\"text-align: justify;\">Vecinos de diversas colonias se dieron cita a lo largo de una de las principales avenidas de Iguala para presenciar el desfile como parte de esta tradici\u00f3n de esta importante celebraci\u00f3n que engrandece esta ciudad Cuna de la Bandera Nacional.<\/p>\n<p style=\"text-align: justify;\"><img loading=\"lazy\" decoding=\"async\" class=\"alignleft size-medium wp-image-1251222\" src=\"https:\/\/www.acapulcopress.com\/wp-content\/uploads\/2023\/02\/RECONCIALIACION.ESP6_-375x574.jpg\" alt=\"\" width=\"375\" height=\"574\" \/>La mandataria, hizo un llamado a la reflexi\u00f3n y subray\u00f3 que, si se pone como centro de toda acci\u00f3n, de toda pol\u00edtica y de toda estrategia al humanismo, el amor al pr\u00f3jimo, el amor a nuestra patria y el amor a nuestra tierra, Guerrero cada d\u00eda va a ser un estado mejor.<\/p>\n<p style=\"text-align: justify;\">La gobernadora refrend\u00f3 su compromiso con el estado de Guerrero y con Iguala para seguir trabajando todos los d\u00edas por su desarrollo y el bienestar de sus habitantes en coordinaci\u00f3n con el gobierno municipal.<\/p>\n<p style=\"text-align: justify;\">Estuvieron presentes la presidenta de la Mesa Directiva del Congreso del Estado, Yanelly Hern\u00e1ndez Mart\u00ednez; la presidenta de la Junta de Coordinaci\u00f3n Pol\u00edtica del Congreso del Estado, Yoloczin Dom\u00ednguez Serna; el presidente del Tribunal Superior de Justicia, Raymundo Casarrubias V\u00e1zquez y el alcalde de Iguala, David Gama P\u00e9rez.<\/p>\n<p style=\"text-align: justify;\">As\u00ed como el comandante de la Novena Regi\u00f3n Militar, Ricardo Flores Gonz\u00e1lez; el comandante de la D\u00e9cima Segunda Regi\u00f3n Naval, Julio C\u00e9sar Pescina \u00c1vila; el senador Manuel A\u00f1orve Ba\u00f1os, entre otros invitados especiales, funcionarios estatales, diputados federales, locales e integrantes de la comuna\u00a0municipal.<\/p>\n\n<p style=\"text-align: justify;\"><em>] Vis\u00edtanos en ) acapulcopress.com y S\u00edguenos en ) facebook.com\/<a href=\"https:\/\/www.facebook.com\/acapulcopress.news\" target=\"_blank\" rel=\"noopener\">acapulcopress.news<\/a><\/em><\/p>\n","protected":false},"excerpt":{"rendered":"<p>CHILPANCINGO * 24 de febrero de 2023. ) Gobierno de Guerrero La gobernadora Evelyn Salgado Pineda desde el Cerro del Tehuehue en Iguala, conmemor\u00f3 el 202 Aniversario del Nacimiento de la Bandera Nacional, donde llam\u00f3 a la reconciliaci\u00f3n, al trabajo y a la unidad m\u00e1s all\u00e1 de los colores partidistas para que el desarrollo y&#8230;<\/p>\n","protected":false},"author":2,"featured_media":1251220,"comment_status":"closed","ping_status":"closed","sticky":false,"template":"","format":"standard","meta":{"footnotes":""},"categories":[1972,1983,18561],"tags":[2184,2969,5606],"class_list":["post-1251215","post","type-post","status-publish","format-standard","has-post-thumbnail","hentry","category-special","category-guerrerogob","category-society-politics","tag-dia-de-la-reconciliacion","tag-202-aniversario-del-nacimiento-de-la-bandera-nacional","tag-cerro-del-tehuehue"],"_links":{"self":[{"href":"https:\/\/www.acapulcopress.com\/index.php\/wp-json\/wp\/v2\/posts\/1251215","targetHints":{"allow":["GET"]}}],"collection":[{"href":"https:\/\/www.acapulcopress.com\/index.php\/wp-json\/wp\/v2\/posts"}],"about":[{"href":"https:\/\/www.acapulcopress.com\/index.php\/wp-json\/wp\/v2\/types\/post"}],"author":[{"embeddable":true,"href":"https:\/\/www.acapulcopress.com\/index.php\/wp-json\/wp\/v2\/users\/2"}],"replies":[{"embeddable":true,"href":"https:\/\/www.acapulcopress.com\/index.php\/wp-json\/wp\/v2\/comments?post=1251215"}],"version-history":[{"count":0,"href":"https:\/\/www.acapulcopress.com\/index.php\/wp-json\/wp\/v2\/posts\/1251215\/revisions"}],"wp:featuredmedia":[{"embeddable":true,"href":"https:\/\/www.acapulcopress.com\/index.php\/wp-json\/"}],"wp:attachment":[{"href":"https:\/\/www.acapulcopress.com\/index.php\/wp-json\/wp\/v2\/media?parent=1251215"}],"wp:term":[{"taxonomy":"category","embeddable":true,"href":"https:\/\/www.acapulcopress.com\/index.php\/wp-json\/wp\/v2\/categories?post=1251215"},{"taxonomy":"post_tag","embeddable":true,"href":"https:\/\/www.acapulcopress.com\/index.php\/wp-json\/wp\/v2\/tags?post=1251215"}],"curies":[{"name":"wp","href":"https:\/\/api.w.org\/{rel}","templated":true}]}}