{"id":1251236,"date":"2023-02-24T18:58:14","date_gmt":"2023-02-25T00:58:14","guid":{"rendered":"https:\/\/www.acapulcopress.com\/?p=1251236"},"modified":"2023-02-24T18:58:14","modified_gmt":"2023-02-25T00:58:14","slug":"primerolospobres-guerrero-segundo-estado-con-mas-pobres-en-el-pais","status":"publish","type":"post","link":"https:\/\/www.acapulcopress.com\/index.php\/2023\/02\/24\/primerolospobres-guerrero-segundo-estado-con-mas-pobres-en-el-pais\/","title":{"rendered":"#PrimeroLosPobres | Guerrero, segundo estado con m\u00e1s pobres en el pa\u00eds"},"content":{"rendered":"<p style=\"text-align: justify;\">4T | \u00a1Vamos requetebi\u00e9n!<br \/>\n<strong>E d i t o r i a l\u00a0<\/strong><\/p>\n<p style=\"text-align: justify;\"><em>Bajo un gobierno federal donde la prioridad son <span class=\"xv78j7m\" spellcheck=\"false\">#PrimeroLosPobres<\/span>, Guerrero se sit\u00faa en el segundo lugar de Estados de la Rep\u00fablica Mexicana con mayor \u00edndice de marginaci\u00f3n y pobreza, seg\u00fan el Centro Nacional de Evaluaci\u00f3n para la Educaci\u00f3n Superior (Ceneval). A nivel nacional, la pobreza en M\u00e9xico aument\u00f3 de 51.9 millones en 2018 (durante la administraci\u00f3n de <a href=\"https:\/\/www.facebook.com\/EnriquePN\" target=\"_blank\" rel=\"noopener\"><span class=\"xv78j7m\" spellcheck=\"false\">Enrique Pe\u00f1a Nieto<\/span><\/a>) a 55.7 millones entre en 2020 (ya bajo el r\u00e9gimen de <a href=\"https:\/\/www.facebook.com\/lopezobrador.org.mx\" target=\"_blank\" rel=\"noopener\"><span class=\"xv78j7m\" spellcheck=\"false\">Andr\u00e9s Manuel L\u00f3pez Obrador<\/span><\/a>); es decir, 43.9 por ciento del total de la poblaci\u00f3n vive en condiciones de pobreza, precisa la misma fuente. El estancamiento de la econom\u00eda en el pa\u00eds ha azotado con mayor fuerza a las personas en condici\u00f3n de pobreza extrema, que fue la que aument\u00f3 en mayor medida, al pasar de 7 por ciento (8.7 millones de personas) en 2018 a 8.5 por ciento (10.8 millones de personas) en 2020&#8243;, indica el<strong> <a href=\"https:\/\/www.coneval.org.mx\/SalaPrensa\/Comunicadosprensa\/Documents\/2023\/COMUNICADO_01_INFORME_DE_EVALUACION_2022.pdf\" target=\"_blank\" rel=\"noopener\">Informe de Evaluaci\u00f3n de la Pol\u00edtica de Desarrollo Social 2022<\/a> <\/strong>del <a href=\"https:\/\/ceneval.edu.mx\/\" target=\"_blank\" rel=\"noopener\">Ceneval<\/a>.\u00a0<\/em><\/p>\n<p>] Vis\u00edtanos en ) acapulcopress.com y S\u00edguenos en ) facebook.com\/<a href=\"https:\/\/www.facebook.com\/acapulcopress.news\" target=\"_blank\" rel=\"noopener\">acapulcopress.news<\/a><\/p>\n","protected":false},"excerpt":{"rendered":"<p>4T | \u00a1Vamos requetebi\u00e9n! E d i t o r i a l\u00a0 Bajo un gobierno federal donde la prioridad son #PrimeroLosPobres, Guerrero se sit\u00faa en el segundo lugar de Estados de la Rep\u00fablica Mexicana con mayor \u00edndice de marginaci\u00f3n y pobreza, seg\u00fan el Centro Nacional de Evaluaci\u00f3n para la Educaci\u00f3n Superior (Ceneval). A nivel&#8230;<\/p>\n","protected":false},"author":2,"featured_media":1251216,"comment_status":"closed","ping_status":"closed","sticky":false,"template":"","format":"standard","meta":{"footnotes":""},"categories":[1972],"tags":[2086,5562,7991,10155,13297,14691,14693,14914],"class_list":["post-1251236","post","type-post","status-publish","format-standard","has-post-thumbnail","hentry","category-special","tag-cuarta-transformacion-4t","tag-centro-nacional-de-evaluacion-para-la-educacion-superior-ceneval","tag-enrique-pena-nieto","tag-informe-de-evaluacion-de-la-politica-de-desarrollo-social-2022","tag-morena","tag-pobreza-en-mexico","tag-pobreza-extrema-en-mexico","tag-pri"],"_links":{"self":[{"href":"https:\/\/www.acapulcopress.com\/index.php\/wp-json\/wp\/v2\/posts\/1251236","targetHints":{"allow":["GET"]}}],"collection":[{"href":"https:\/\/www.acapulcopress.com\/index.php\/wp-json\/wp\/v2\/posts"}],"about":[{"href":"https:\/\/www.acapulcopress.com\/index.php\/wp-json\/wp\/v2\/types\/post"}],"author":[{"embeddable":true,"href":"https:\/\/www.acapulcopress.com\/index.php\/wp-json\/wp\/v2\/users\/2"}],"replies":[{"embeddable":true,"href":"https:\/\/www.acapulcopress.com\/index.php\/wp-json\/wp\/v2\/comments?post=1251236"}],"version-history":[{"count":0,"href":"https:\/\/www.acapulcopress.com\/index.php\/wp-json\/wp\/v2\/posts\/1251236\/revisions"}],"wp:featuredmedia":[{"embeddable":true,"href":"https:\/\/www.acapulcopress.com\/index.php\/wp-json\/"}],"wp:attachment":[{"href":"https:\/\/www.acapulcopress.com\/index.php\/wp-json\/wp\/v2\/media?parent=1251236"}],"wp:term":[{"taxonomy":"category","embeddable":true,"href":"https:\/\/www.acapulcopress.com\/index.php\/wp-json\/wp\/v2\/categories?post=1251236"},{"taxonomy":"post_tag","embeddable":true,"href":"https:\/\/www.acapulcopress.com\/index.php\/wp-json\/wp\/v2\/tags?post=1251236"}],"curies":[{"name":"wp","href":"https:\/\/api.w.org\/{rel}","templated":true}]}}