{"id":1251271,"date":"2023-02-27T20:41:12","date_gmt":"2023-02-28T02:41:12","guid":{"rendered":"https:\/\/www.acapulcopress.com\/?p=1251271"},"modified":"2023-02-27T20:41:12","modified_gmt":"2023-02-28T02:41:12","slug":"morena-pide-a-ine-retirar-registro-politico-al-pan","status":"publish","type":"post","link":"https:\/\/www.acapulcopress.com\/index.php\/2023\/02\/27\/morena-pide-a-ine-retirar-registro-politico-al-pan\/","title":{"rendered":"Morena pide a INE retirar registro pol\u00edtico al PAN"},"content":{"rendered":"<p style=\"text-align: justify;\">CIUDAD DE M\u00c9XICO * 27 de febrero de 2023.<br \/>\n<em>) <a href=\"https:\/\/www.infobae.com\/mexico\/2023\/02\/27\/mario-delgado-exigio-al-ine-que-retire-registro-al-pan-por-presunta-complicidad-con-garcia-luna\/\" target=\"_blank\" rel=\"noopener\">Infobae\u00a0<\/a><\/em><br \/>\nEl presidente del Movimiento de Regeneraci\u00f3n Nacional (Morena), Mario Delgado Carrillo, asegur\u00f3 que el Partido Acci\u00f3n Nacional (PAN) ha incumplido su objetivo constitucional, por lo que pidi\u00f3 ante el Instituto Nacional Electoral (INE) que se le retire el registro por un supuesto nexo con Genaro Garc\u00eda Luna.<\/p>\n<p style=\"text-align: justify;\"><img loading=\"lazy\" decoding=\"async\" class=\"alignleft size-medium wp-image-1251272\" src=\"https:\/\/www.acapulcopress.com\/wp-content\/uploads\/2023\/02\/MARIO-DELGADO-VS-PAN-375x194.jpg\" alt=\"\" width=\"375\" height=\"194\" \/>Al iniciar su disertaci\u00f3n, el diputado federal sentenci\u00f3 que el procedimiento que inici\u00f3 esta tarde fue porque al interior del partido guinda consideraron que el blanquiazul ha dejado atr\u00e1s los intereses partidistas y, en cambio, presuntamente le ha dado cabida a sujetos que han resultado responsables de presuntos cr\u00edmenes como el extitular de la Secretar\u00eda de Seguridad P\u00fablica (SSP).<\/p>\n<p style=\"text-align: justify;\">\u201cEl d\u00eda de hoy venimos a presentar, aqu\u00ed al INE, una queja pidiendo un procedimiento sancionador de p\u00e9rdida de registro para el Partido Acci\u00f3n Nacional por haberse convertido en una organizaci\u00f3n criminal m\u00e1s que una organizaci\u00f3n pol\u00edtica\u201d, fueron las palabras con las que inici\u00f3 su discurso este lunes 27 de febrero.<\/p>\n<p style=\"text-align: justify;\">Tras presentar el documento con las instancias electorales, el dirigente nacional ofreci\u00f3 una conferencia de prensa en donde ley\u00f3 un texto en el que aprovech\u00f3 para pedir al instituto que se analice el asunto contra el blanquiazul sin que se pongan pretextos o l\u00edmites a las investigaciones, pues consideraron que durante los gobiernos panistas presuntamente se permiti\u00f3 que el crimen organizado se infiltrara en el Estado.<\/p>\n<p style=\"text-align: justify;\">Y es que para Delgado Carrillo fue relevante la actitud que tom\u00f3 la Dirigencia Nacional del PAN y del expresidente Felipe Calder\u00f3n cuando la Corte de Brooklyn, en Nueva York, declar\u00f3 culpable de cinco delitos a Garc\u00eda Luna, pues sentenci\u00f3 que estos no se deslindaron de los actos que se analizaron por varias semanas en los Estados Unidos, pese a que \u00e9ste fue funcionario tanto en el sexenio de Vicente Fox (2002-2006) como en el de Calder\u00f3n Hinojosa (2006-2012).<\/p>\n<p style=\"text-align: justify;\">\u201cEn lugar de desmarcarse y tomar acciones para el fincamiento de responsabilidades de personajes claramente vinculados en el caso de Garc\u00eda Luna, como Vicente Fox y Felipe Calder\u00f3n, el partido les ha proporcionado respaldo pol\u00edtico, posiciones de poder e incluso les ha otorgado fuero constitucional con candidaturas a puestos de elecci\u00f3n popular\u201d, explic\u00f3.<\/p>\n<p style=\"text-align: justify;\">Reiter\u00f3 que el PAN fue quien permiti\u00f3 que este tipo de personajes, especialmente Genaro Garc\u00eda Luna, estuvieran en el gobierno, pese a que desde a\u00f1os atr\u00e1s comenzaron los se\u00f1alamientos en su contra, mismos que, en algunos casos, terminaron en esc\u00e1ndalos no s\u00f3lo nacionales sino internacionales.<\/p>\n<p style=\"text-align: justify;\">\u201cLa condena de Garc\u00eda Luna establece una base jur\u00eddicamente s\u00f3lida para evidenciar que la organizaci\u00f3n pol\u00edtica del PAN ha servido para llevar al gobierno a agentes del crimen organizado, con ello se acredita que este partido pol\u00edtico ha dejado de cumplir el fin constitucionalmente v\u00e1lido para el que le fue otorgado su registro como partido\u201d, expres\u00f3.<\/p>\n<p style=\"text-align: justify;\">Asimismo, reiter\u00f3 que su petici\u00f3n cuenta con precedentes internacionales, como en 2003 cuando en Espa\u00f1a se declar\u00f3 ilegales a los partidos Herri Batasuna, Euskal Herritarrok y Batasuna, as\u00ed como el impedimento para la inscripci\u00f3n del partido Sortu debido a su nexo con organizaciones terroristas.<\/p>\n<p style=\"text-align: justify;\">Finalmente, recordando una frase emblem\u00e1tica de la lucha por la memoria y justicia en algunas naciones de Am\u00e9rica del Sur como Argentina, Mario Delgado sentenci\u00f3 que \u201cnunca m\u00e1s\u201d debe de gobernar en M\u00e9xico una administraci\u00f3n que tenga nexos con organizaciones criminales.<\/p>\n<p style=\"text-align: justify;\">\u201cNunca m\u00e1s gobiernos corruptos, ladrones, asesinos o criminales. El pueblo, la historia y la justicia los juzgar\u00e1\u201d, finaliz\u00f3.<\/p>\n<p style=\"text-align: justify;\">Al ser cuestionado sobre las pruebas con las que cuenta para dicha solicitud contra el PAN, el exdiputado federal refiri\u00f3 que la mayor evidencia con la que cuentan en Morena es la sentencia que emiti\u00f3 la Corte de Brooklyn contra Garc\u00eda Luna, pues desde su perspectiva en las declaraciones se observ\u00f3 la fundaci\u00f3n de un presunto narco Estado en el pa\u00eds.<\/p>\n<p style=\"text-align: justify;\">PAN ANUNCIA DENUNCIA CONTRA PRESIDENTE DE MORENA<\/p>\n<p style=\"text-align: justify;\">Minutos m\u00e1s tarde del anuncio del l\u00edder de Morena, el l\u00edder nacional del PAN, Marko Cort\u00e9s Mendoza, inform\u00f3 que su instituto present\u00f3, tambi\u00e9n ante el INE, una denuncia en contra de Mario Delgado para que se investigue un presunto financiamiento de grupos criminales a favor del partido guinda.<\/p>\n<p style=\"text-align: justify;\">Asimismo, indic\u00f3 que se inst\u00f3 a que tambi\u00e9n se averig\u00fce un supuesto desv\u00edo de recursos p\u00fablicos por parte del instituto y aspirantes a puestos de elecci\u00f3n popular.<\/p>\n<p style=\"text-align: justify;\">\u201cAnte el @INEMexico, presentamos una denuncia para que se investigue el financiamiento del crimen organizado a las campa\u00f1as de Morena y de @mario_delgado, as\u00ed como por el desv\u00edo de recursos p\u00fablicos para este instituto pol\u00edtico y aspirantes\u201d, finaliz\u00f3.<\/p>\n<p style=\"text-align: justify;\">\n] Vis\u00edtanos en ) acapulcopres.com y S\u00edguenos en ) facebook.com\/acapulcopress.news<\/p>\n<p style=\"text-align: justify;\">https:\/\/www.facebook.com\/acapulcopress.news<\/p>\n","protected":false},"excerpt":{"rendered":"<p>CIUDAD DE M\u00c9XICO * 27 de febrero de 2023. ) Infobae\u00a0 El presidente del Movimiento de Regeneraci\u00f3n Nacional (Morena), Mario Delgado Carrillo, asegur\u00f3 que el Partido Acci\u00f3n Nacional (PAN) ha incumplido su objetivo constitucional, por lo que pidi\u00f3 ante el Instituto Nacional Electoral (INE) que se le retire el registro por un supuesto nexo con&#8230;<\/p>\n","protected":false},"author":2,"featured_media":1251273,"comment_status":"closed","ping_status":"closed","sticky":false,"template":"","format":"standard","meta":{"footnotes":""},"categories":[1997],"tags":[7542,8445,9131,12677,13344,14269,17825],"class_list":["post-1251271","post","type-post","status-publish","format-standard","has-post-thumbnail","hentry","category-noticias-destacadas","tag-ecretaria-de-seguridad-publica-de-mexico-ssp","tag-felipe-calderon-hinojosa-2006-2012","tag-genaro-garcia-luna","tag-mario-delgado-carrillo","tag-movimiento-de-regeneracion-nacional-morena","tag-partido-accion-nacional-pan","tag-vicente-fox-quesada-2002-2006"],"_links":{"self":[{"href":"https:\/\/www.acapulcopress.com\/index.php\/wp-json\/wp\/v2\/posts\/1251271","targetHints":{"allow":["GET"]}}],"collection":[{"href":"https:\/\/www.acapulcopress.com\/index.php\/wp-json\/wp\/v2\/posts"}],"about":[{"href":"https:\/\/www.acapulcopress.com\/index.php\/wp-json\/wp\/v2\/types\/post"}],"author":[{"embeddable":true,"href":"https:\/\/www.acapulcopress.com\/index.php\/wp-json\/wp\/v2\/users\/2"}],"replies":[{"embeddable":true,"href":"https:\/\/www.acapulcopress.com\/index.php\/wp-json\/wp\/v2\/comments?post=1251271"}],"version-history":[{"count":0,"href":"https:\/\/www.acapulcopress.com\/index.php\/wp-json\/wp\/v2\/posts\/1251271\/revisions"}],"wp:featuredmedia":[{"embeddable":true,"href":"https:\/\/www.acapulcopress.com\/index.php\/wp-json\/"}],"wp:attachment":[{"href":"https:\/\/www.acapulcopress.com\/index.php\/wp-json\/wp\/v2\/media?parent=1251271"}],"wp:term":[{"taxonomy":"category","embeddable":true,"href":"https:\/\/www.acapulcopress.com\/index.php\/wp-json\/wp\/v2\/categories?post=1251271"},{"taxonomy":"post_tag","embeddable":true,"href":"https:\/\/www.acapulcopress.com\/index.php\/wp-json\/wp\/v2\/tags?post=1251271"}],"curies":[{"name":"wp","href":"https:\/\/api.w.org\/{rel}","templated":true}]}}