{"id":1251282,"date":"2023-02-27T22:27:38","date_gmt":"2023-02-28T04:27:38","guid":{"rendered":"https:\/\/www.acapulcopress.com\/?p=1251282"},"modified":"2023-02-27T22:27:38","modified_gmt":"2023-02-28T04:27:38","slug":"asiste-marcial-rodriguez-a-inicio-de-construccion-de-primaria-alberto-curiel","status":"publish","type":"post","link":"https:\/\/www.acapulcopress.com\/index.php\/2023\/02\/27\/asiste-marcial-rodriguez-a-inicio-de-construccion-de-primaria-alberto-curiel\/","title":{"rendered":"Asiste Marcial Rodr\u00edguez a inicio de construcci\u00f3n de primaria \u00abAlberto Curiel\u00bb"},"content":{"rendered":"<p style=\"text-align: justify;\">CHILPANCINGO * 27 de febrero de 2023.<br \/>\n<em>) SEG<\/em><br \/>\n<img loading=\"lazy\" decoding=\"async\" class=\"alignleft size-medium wp-image-1251287\" src=\"https:\/\/www.acapulcopress.com\/wp-content\/uploads\/2023\/02\/MSRSSEG9-375x281.jpg\" alt=\"\" width=\"375\" height=\"281\" \/>La Gobernadora Evelyn Salgado Pineda envi\u00f3 uniformes escolares gratuitos que fueron entregados por el secretario de Educaci\u00f3n en Guerrero, Marcial Rodr\u00edguez Salda\u00f1a, a ni\u00f1as y ni\u00f1os de las escuelas primaria Alberto Curiel, Emperador Cuauht\u00e9moc, 20 de Noviembre y la Secundaria Nezahualc\u00f3yotl. En las semanas siguientes se entregar\u00e1n los uniformes a las dem\u00e1s escuelas de \u00e9ste municipio.<\/p>\n<p style=\"text-align: justify;\">Al asistir como invitado especial de la fundaci\u00f3n \u00abNi\u00f1os en Alegr\u00eda\u00bb, que preside Alejandra Alem\u00e1n, Rodr\u00edguez Salda\u00f1a, atestigu\u00f3 la puesta de la primera piedra de la construcci\u00f3n de la escuela primaria Alberto Curiel, que ser\u00e1 financiada por dicha fundaci\u00f3n y por el Ayuntamiento de Taxco.<\/p>\n<p style=\"text-align: justify;\">Asistieron a \u00e9ste evento el presidente municipal Mario Figueroa Mundo, miembros del <img loading=\"lazy\" decoding=\"async\" class=\"alignleft size-medium wp-image-1251284\" src=\"https:\/\/www.acapulcopress.com\/wp-content\/uploads\/2023\/02\/MSRSSEG-375x281.jpg\" alt=\"\" width=\"375\" height=\"281\" \/>patronato de la Fundaci\u00f3n \u00abNi\u00f1os en Alegr\u00eda\u00bb; integrantes del cabildo; el subsecretario de Planeaci\u00f3n, Benjam\u00edn Adame Pereyra; el director general del IGIFE, H\u00e9ctor Oyorzabal Hern\u00e1ndez; el delegado de la regi\u00f3n Norte, Salom\u00f3n Beltr\u00e1n Barrera, y docentes y trabajadores, madres, padres de familias y parte de la estructura de la SEG.<\/p>\n<p><img loading=\"lazy\" decoding=\"async\" class=\"alignnone wp-image-1251286 size-large\" src=\"https:\/\/www.acapulcopress.com\/wp-content\/uploads\/2023\/02\/MSRSSEG5-840x473.jpg\" alt=\"\" width=\"696\" height=\"392\" \/><\/p>\n<p><em>] Vis\u00edtanos en ) acapulcopres.com y S\u00edguenos en ) facebook.com\/<a href=\"https:\/\/www.facebook.com\/acapulcopress.news\" target=\"_blank\" rel=\"noopener\">acapulcopress.news<\/a><\/em><\/p>\n","protected":false},"excerpt":{"rendered":"<p>CHILPANCINGO * 27 de febrero de 2023. ) SEG La Gobernadora Evelyn Salgado Pineda envi\u00f3 uniformes escolares gratuitos que fueron entregados por el secretario de Educaci\u00f3n en Guerrero, Marcial Rodr\u00edguez Salda\u00f1a, a ni\u00f1as y ni\u00f1os de las escuelas primaria Alberto Curiel, Emperador Cuauht\u00e9moc, 20 de Noviembre y la Secundaria Nezahualc\u00f3yotl. En las semanas siguientes se&#8230;<\/p>\n","protected":false},"author":2,"featured_media":1251285,"comment_status":"closed","ping_status":"closed","sticky":false,"template":"","format":"standard","meta":{"footnotes":""},"categories":[18561,2081],"tags":[],"class_list":["post-1251282","post","type-post","status-publish","format-standard","has-post-thumbnail","hentry","category-society-politics","category-seg"],"_links":{"self":[{"href":"https:\/\/www.acapulcopress.com\/index.php\/wp-json\/wp\/v2\/posts\/1251282","targetHints":{"allow":["GET"]}}],"collection":[{"href":"https:\/\/www.acapulcopress.com\/index.php\/wp-json\/wp\/v2\/posts"}],"about":[{"href":"https:\/\/www.acapulcopress.com\/index.php\/wp-json\/wp\/v2\/types\/post"}],"author":[{"embeddable":true,"href":"https:\/\/www.acapulcopress.com\/index.php\/wp-json\/wp\/v2\/users\/2"}],"replies":[{"embeddable":true,"href":"https:\/\/www.acapulcopress.com\/index.php\/wp-json\/wp\/v2\/comments?post=1251282"}],"version-history":[{"count":0,"href":"https:\/\/www.acapulcopress.com\/index.php\/wp-json\/wp\/v2\/posts\/1251282\/revisions"}],"wp:featuredmedia":[{"embeddable":true,"href":"https:\/\/www.acapulcopress.com\/index.php\/wp-json\/"}],"wp:attachment":[{"href":"https:\/\/www.acapulcopress.com\/index.php\/wp-json\/wp\/v2\/media?parent=1251282"}],"wp:term":[{"taxonomy":"category","embeddable":true,"href":"https:\/\/www.acapulcopress.com\/index.php\/wp-json\/wp\/v2\/categories?post=1251282"},{"taxonomy":"post_tag","embeddable":true,"href":"https:\/\/www.acapulcopress.com\/index.php\/wp-json\/wp\/v2\/tags?post=1251282"}],"curies":[{"name":"wp","href":"https:\/\/api.w.org\/{rel}","templated":true}]}}