{"id":1251290,"date":"2023-02-27T22:55:48","date_gmt":"2023-02-28T04:55:48","guid":{"rendered":"https:\/\/www.acapulcopress.com\/?p=1251290"},"modified":"2023-02-27T22:55:48","modified_gmt":"2023-02-28T04:55:48","slug":"entrega-gobernadora-en-chilapa-tarjetas-del-programa-produccion-para-el-bienestar-2023","status":"publish","type":"post","link":"https:\/\/www.acapulcopress.com\/index.php\/2023\/02\/27\/entrega-gobernadora-en-chilapa-tarjetas-del-programa-produccion-para-el-bienestar-2023\/","title":{"rendered":"Entrega Gobernadora en Chilapa tarjetas del programa Producci\u00f3n para el Bienestar 2023"},"content":{"rendered":"<p style=\"text-align: justify;\">CHILPANCINGO * 27 de febrero de 2023.<br \/>\n) Gobierno de Guerrero<br \/>\n<img loading=\"lazy\" decoding=\"async\" class=\"alignleft size-medium wp-image-1251302\" src=\"https:\/\/www.acapulcopress.com\/wp-content\/uploads\/2023\/02\/EVELYN.BIENESTAR12-375x571.jpg\" alt=\"\" width=\"375\" height=\"571\" \/>La gobernadora <a href=\"https:\/\/www.facebook.com\/EvelynSalgadoP\" target=\"_blank\" rel=\"noopener\">Evelyn Salgado Pineda<\/a> y el delegado de los programas sociales en Guerrero Iv\u00e1n Hern\u00e1ndez D\u00edaz encabezaron la entrega de tarjetas de banco del Programa \u00abProducci\u00f3n para el Bienestar\u00bb, con el objetivo de fortalecer la autosuficiencia alimentaria en beneficio directo a m\u00e1s de 164 mil mujeres y hombres campesinos que producen en una superficie de 378 mil hect\u00e1reas del territorio estatal con una inversi\u00f3n federal anual de 982 millones de pesos.<\/p>\n<p style=\"text-align: justify;\">En su mensaje, la gobernadora refrend\u00f3 su apoyo y respaldo para cumplimentar y profundizar el alcance de todos los programas para el bienestar en Guerrero, en un esfuerzo coordinado entre los tres niveles de gobierno en una misma l\u00ednea para seguir transformando Guerrero.<\/p>\n<p style=\"text-align: justify;\">Mujeres y hombres campesinos ind\u00edgenas de m\u00e1s de 30 localidades de este municipio, se dieron cita en la Unidad Deportiva de Chilapa para recibir de manos de la mandataria estatal y el representante federal en Guerrero, sus tarjetas del Banco Bienestar con las cuales recibir\u00e1n sus apoyos de manera directa y sin intermediarios como uno de los compromisos del presidente Andr\u00e9s Manuel L\u00f3pez Obrador para el rescate del campo.<\/p>\n<p style=\"text-align: justify;\"><img loading=\"lazy\" decoding=\"async\" class=\"alignleft size-medium wp-image-1251301\" src=\"https:\/\/www.acapulcopress.com\/wp-content\/uploads\/2023\/02\/EVELYN.BIENESTAR11-375x250.jpg\" alt=\"\" width=\"375\" height=\"250\" \/>Asistieron a \u00e9ste evento: el Presidente Municipal, Mario Figueroa Mundo; miembros del Patronato de la Fundaci\u00f3n \u00abNi\u00f1os en Alegr\u00eda\u00bb; integrantes del cabildo: el Subsecretario de Planeaci\u00f3n, Benjam\u00edn Adame Pereyra; el Director General del IGIFE, H\u00e9ctor Oyorzabal Hern\u00e1ndez; el Delegado de la regi\u00f3n norte, Salom\u00f3n Beltr\u00e1n Barrera; docentes, trabajadoras\/es, madres, padres de familias y parte de la estructura\u00a0de\u00a0la\u00a0SEG.<\/p>\n<p style=\"text-align: justify;\">La gobernadora Evelyn Salgado puntualiz\u00f3 que hay una perfecta coordinaci\u00f3n con el gobierno federal para transformar las condiciones de vida de desarrollo y bienestar de las familias de Chilapa y de Guerrero como uno de los temas indispensables para la justicia y para la paz en las comunidades, atendiendo y erradicando, desde el territorio, las causas <img loading=\"lazy\" decoding=\"async\" class=\"alignleft size-medium wp-image-1251299\" src=\"https:\/\/www.acapulcopress.com\/wp-content\/uploads\/2023\/02\/EVELYN.BIENESTAR9-375x562.jpg\" alt=\"\" width=\"375\" height=\"562\" \/>que originan la violencia, la desigualdad, el rezago y la pobreza.<\/p>\n<p style=\"text-align: justify;\">Evelyn Salgado, celebr\u00f3 la entrega de los apoyos del Programa Producci\u00f3n para el Bienestar 2023, que tiene el objetivo de contribuir al desarrollo y fortalecimiento de la autosuficiencia alimentaria, beneficiando directamente a productores de peque\u00f1a o mediana escala de granos como: Ma\u00edz, frijol, trigo panificable y arroz, amaranto, ch\u00eda, ca\u00f1a de az\u00facar, caf\u00e9, cacao, nopal o miel.<\/p>\n<p style=\"text-align: justify;\">El delegado federal de Programas Sociales para el Bienestar, Iv\u00e1n Hern\u00e1ndez D\u00edaz, refiri\u00f3 que el programa de Producci\u00f3n para el Bienestar (antes PROCampo), este a\u00f1o increment\u00f3 el monto de apoyo directo a 6 mil pesos por productor, sumando en todo el estado una inversi\u00f3n superior a los 982 millones de pesos, beneficiando a m\u00e1s de m\u00e1s de 164 mil campesinos que atienden una superficie de 378 mil hect\u00e1reas del territorio estatal.<\/p>\n<p style=\"text-align: justify;\">Tan solo en Chilapa se beneficia a un padr\u00f3n de m\u00e1s de 3 mil productores con una inversi\u00f3n de m\u00e1s de 20 millones de pesos, con lo cual se mejorar\u00e1n los rendimientos de los <img loading=\"lazy\" decoding=\"async\" class=\"alignleft size-medium wp-image-1251293\" src=\"https:\/\/www.acapulcopress.com\/wp-content\/uploads\/2023\/02\/EVELYN.BIENESTAR3-375x250.jpg\" alt=\"\" width=\"375\" height=\"250\" \/>cultivos y productos elegibles del programa.<\/p>\n<p style=\"text-align: justify;\">El delegado Federal, Iv\u00e1n Hern\u00e1ndez D\u00edaz, agradeci\u00f3 el apoyo de la gobernadora Evelyn Salgado Pineda por abrazar e impulsar todos los programas sociales del presidente Andr\u00e9s Manuel L\u00f3pez Obrador se apliquen de la mejor manera y lleguen a todos los rincones del estado de Guerrero.<\/p>\n<p style=\"text-align: justify;\">Estuvieron el alcalde de Chilapa, Aldy Esteban Rom\u00e1n; el diputado local Jes\u00fas Parra Garc\u00eda; el titular de la oficina de Sader en Guerrero, Mariano Herrera Garc\u00eda, as\u00ed como funcionarios estatales y municipales.<\/p>\n\n<p><em>] Vis\u00edtanos en ) acapulcopres.com y S\u00edguenos en ) facebook.com\/<a href=\"https:\/\/www.facebook.com\/acapulcopress.news\" target=\"_blank\" rel=\"noopener\">acapulcopress.news<\/a><\/em><\/p>\n","protected":false},"excerpt":{"rendered":"<p>CHILPANCINGO * 27 de febrero de 2023. ) Gobierno de Guerrero La gobernadora Evelyn Salgado Pineda y el delegado de los programas sociales en Guerrero Iv\u00e1n Hern\u00e1ndez D\u00edaz encabezaron la entrega de tarjetas de banco del Programa \u00abProducci\u00f3n para el Bienestar\u00bb, con el objetivo de fortalecer la autosuficiencia alimentaria en beneficio directo a m\u00e1s de&#8230;<\/p>\n","protected":false},"author":2,"featured_media":1251292,"comment_status":"closed","ping_status":"closed","sticky":false,"template":"","format":"standard","meta":{"footnotes":""},"categories":[1983,18561],"tags":[8251,14982],"class_list":["post-1251290","post","type-post","status-publish","format-standard","has-post-thumbnail","hentry","category-guerrerogob","category-society-politics","tag-evelyn-salgado-pineda","tag-produccion-para-el-bienestar-2023"],"_links":{"self":[{"href":"https:\/\/www.acapulcopress.com\/index.php\/wp-json\/wp\/v2\/posts\/1251290","targetHints":{"allow":["GET"]}}],"collection":[{"href":"https:\/\/www.acapulcopress.com\/index.php\/wp-json\/wp\/v2\/posts"}],"about":[{"href":"https:\/\/www.acapulcopress.com\/index.php\/wp-json\/wp\/v2\/types\/post"}],"author":[{"embeddable":true,"href":"https:\/\/www.acapulcopress.com\/index.php\/wp-json\/wp\/v2\/users\/2"}],"replies":[{"embeddable":true,"href":"https:\/\/www.acapulcopress.com\/index.php\/wp-json\/wp\/v2\/comments?post=1251290"}],"version-history":[{"count":0,"href":"https:\/\/www.acapulcopress.com\/index.php\/wp-json\/wp\/v2\/posts\/1251290\/revisions"}],"wp:featuredmedia":[{"embeddable":true,"href":"https:\/\/www.acapulcopress.com\/index.php\/wp-json\/"}],"wp:attachment":[{"href":"https:\/\/www.acapulcopress.com\/index.php\/wp-json\/wp\/v2\/media?parent=1251290"}],"wp:term":[{"taxonomy":"category","embeddable":true,"href":"https:\/\/www.acapulcopress.com\/index.php\/wp-json\/wp\/v2\/categories?post=1251290"},{"taxonomy":"post_tag","embeddable":true,"href":"https:\/\/www.acapulcopress.com\/index.php\/wp-json\/wp\/v2\/tags?post=1251290"}],"curies":[{"name":"wp","href":"https:\/\/api.w.org\/{rel}","templated":true}]}}