{"id":1251305,"date":"2023-02-28T19:00:29","date_gmt":"2023-03-01T01:00:29","guid":{"rendered":"https:\/\/www.acapulcopress.com\/?p=1251305"},"modified":"2023-02-28T19:00:29","modified_gmt":"2023-03-01T01:00:29","slug":"amlo-cede-ante-elon-musk-tesla-se-instalara-en-monterrey","status":"publish","type":"post","link":"https:\/\/www.acapulcopress.com\/index.php\/2023\/02\/28\/amlo-cede-ante-elon-musk-tesla-se-instalara-en-monterrey\/","title":{"rendered":"AMLO cede ante Elon Musk | Tesla se instalar\u00e1 en Monterrey"},"content":{"rendered":"<p style=\"text-align: justify;\">CIUDAD DE M\u00c9XICO * 28 de febrero de 2023.<br \/>\n<em>) <a href=\"https:\/\/www.proceso.com.mx\/nacional\/2023\/2\/28\/amlo-cede-ante-elon-musk-planta-de-tesla-se-instalara-en-monterrey-302815.html\" target=\"_blank\" rel=\"noopener\">Apro <\/a><br \/>\n<\/em>A\u00fan con la advertencia de que no habr\u00eda permisos por falta de agua en Nuevo Le\u00f3n, el presidente <a href=\"https:\/\/www.facebook.com\/lopezobrador.org.mx\" target=\"_blank\" rel=\"noopener\">Andr\u00e9s Manuel L\u00f3pez Obrador<\/a> admiti\u00f3 que <a href=\"https:\/\/www.facebook.com\/UnofficialTeslaMotors\" target=\"_blank\" rel=\"noopener\">Tesla<\/a> instale su planta automotriz en Monterrey.<\/p>\n<p style=\"text-align: justify;\">\u201cVan bien las cosas platicamos ayer con el se\u00f1or <a href=\"https:\/\/twitter.com\/elonmusk\" target=\"_blank\" rel=\"noopener\">Elon Musk<\/a>, el director de Tesla. Hay ya un entendimiento, s\u00ed van a dedicar la inversi\u00f3n en M\u00e9xico y se va a establecer la planta en Monterrey con una serie de compromisos para enfrentar el problema de la escasez de agua. Ellos van a ayudar en este sentido\u201d.<\/p>\n<p style=\"text-align: justify;\">El mandatario inform\u00f3 que un primer compromiso es el uso de agua tratada en todo el proceso de fabricaci\u00f3n, incluso para la pintura de los autom\u00f3viles, como es sabido que sucede en el sector.<\/p>\n<p style=\"text-align: justify;\">Sin embargo, el presidente expuso que con una inversi\u00f3n de gran magnitud -sin aclarar de cu\u00e1nto ser\u00e1- tambi\u00e9n implica que se incremente la poblaci\u00f3n que, destac\u00f3, en diez a\u00f1os, en los censos de 2010 y 2020 el crecimiento poblaci\u00f3n en la zona metropolitana de Nuevo Le\u00f3n fue de 23 por ciento, es decir un promedio anual de 2.3 por ciento de incremento, cuando la media nacional es de 1.2, \u201cse trae un crecimiento del doble eso significa m\u00e1s consumo de agua para la poblaci\u00f3n\u201d, dijo.<\/p>\n<p style=\"text-align: justify;\">Por esa raz\u00f3n el presidente expuso a Musk que para resolver el problema de d\u00e9ficit para consumo humano, a corto plazo, se invierte en la presa Libertad y para construir acueducto El Cuchillo 2, por lo que asegur\u00f3 que acordaron un plan para mediano y largo plazo, sin dar m\u00e1s detalles.<\/p>\n<p style=\"text-align: justify;\">El presidente dijo que no quiere dar m\u00e1s detalles porque aunque no hubo un compromiso formal para no hacerlo, busc\u00f3 actuar con prudencia y de manera responsable.<\/p>\n<p style=\"text-align: justify;\">\u201cNo quiero ampliar m\u00e1s la informaci\u00f3n porque creo que ma\u00f1ana se va a dar a conocer este anuncio a detalle por parte de la empresa Tesla y adem\u00e1s se van a dar a conocer algunos compromisos y la semana que viene otros compromisos\u201d, se\u00f1al\u00f3.<\/p>\n<p style=\"text-align: justify;\">Tambi\u00e9n \u201cinformo al pueblo de M\u00e9xico\u201d que se comunic\u00f3 con Elon Musk en dos ocasiones por videoconferencia, el viernes por la noche desde Chetumal y la ma\u00f1ana de ayer.<\/p>\n<p style=\"text-align: justify;\">\u201c\u00c9l fue muy receptivo comprendiendo nuestras preocupaciones y aceptando nuestras propuestas que se van a ir dando a conocer a partir de ma\u00f1ana. Esto va a significar una inversi\u00f3n considerable y muchos empleos. Ma\u00f1ana se va se va a informar en lo espec\u00edfico. Agradecer al se\u00f1or Elon Musk que fue muy respetuoso atento y entendi\u00f3 la importancia que tiene atender el problema de la escasea de agua\u201d, indic\u00f3.<\/p>\n<p style=\"text-align: justify;\">Consider\u00f3 que estuvo \u201cbien sobre este tema\u201d, adem\u00e1s de que se \u201cvan a continuar las relaciones, lo que les puedo decir es que nos entendimos bien fue bueno el acuerdo\u201d.<\/p>\n<p style=\"text-align: justify;\">El presidente afirm\u00f3 que este hecho sienta un precedente, \u201cporque ya se definen con mucha claridad las prioridades de nuestro pa\u00eds, por ejemplo lo del agua, no es \u2018yo voy a invertir y voy a aprovechar el agua y voy a dejar sin agua a la gente\u2019, no, vamos primero a que no falte el agua para el consumo dom\u00e9stico y vamos tambi\u00e9n orientando el crecimiento hacia regiones donde se tiene agua\u201d.<\/p>\n<p style=\"text-align: justify;\">Dijo que su gobierno busca que las empresas contribuyan en pagar buenos sueldos a sus trabajadores, se cuide el medio ambiente y se paguen los impuestos.<\/p>\n<p style=\"text-align: justify;\">\u201cVa a haber desarrollo tecn\u00f3logo no solo en la planta sino en lo relacionado con el manejo del agua\u201d, se\u00f1al\u00f3.<\/p>\n<p><em>] Vis\u00edtanos en ) acapulcopres.com y S\u00edguenos en ) facebook.com\/<a href=\"https:\/\/www.facebook.com\/acapulcopress.news\" target=\"_blank\" rel=\"noopener\">acapulcopress.news<\/a><\/em><\/p>\n","protected":false},"excerpt":{"rendered":"<p>CIUDAD DE M\u00c9XICO * 28 de febrero de 2023. ) Apro A\u00fan con la advertencia de que no habr\u00eda permisos por falta de agua en Nuevo Le\u00f3n, el presidente Andr\u00e9s Manuel L\u00f3pez Obrador admiti\u00f3 que Tesla instale su planta automotriz en Monterrey. \u201cVan bien las cosas platicamos ayer con el se\u00f1or Elon Musk, el director&#8230;<\/p>\n","protected":false},"author":2,"featured_media":1251306,"comment_status":"closed","ping_status":"closed","sticky":false,"template":"","format":"standard","meta":{"footnotes":""},"categories":[18568,1972,1988],"tags":[3896,7856,17095],"class_list":["post-1251305","post","type-post","status-publish","format-standard","has-post-thumbnail","hentry","category-ciencia-y-tecnologia","category-special","category-lifestyles","tag-andres-manuel-lopez-obrador","tag-elon-musk","tag-tesla"],"_links":{"self":[{"href":"https:\/\/www.acapulcopress.com\/index.php\/wp-json\/wp\/v2\/posts\/1251305","targetHints":{"allow":["GET"]}}],"collection":[{"href":"https:\/\/www.acapulcopress.com\/index.php\/wp-json\/wp\/v2\/posts"}],"about":[{"href":"https:\/\/www.acapulcopress.com\/index.php\/wp-json\/wp\/v2\/types\/post"}],"author":[{"embeddable":true,"href":"https:\/\/www.acapulcopress.com\/index.php\/wp-json\/wp\/v2\/users\/2"}],"replies":[{"embeddable":true,"href":"https:\/\/www.acapulcopress.com\/index.php\/wp-json\/wp\/v2\/comments?post=1251305"}],"version-history":[{"count":0,"href":"https:\/\/www.acapulcopress.com\/index.php\/wp-json\/wp\/v2\/posts\/1251305\/revisions"}],"wp:featuredmedia":[{"embeddable":true,"href":"https:\/\/www.acapulcopress.com\/index.php\/wp-json\/"}],"wp:attachment":[{"href":"https:\/\/www.acapulcopress.com\/index.php\/wp-json\/wp\/v2\/media?parent=1251305"}],"wp:term":[{"taxonomy":"category","embeddable":true,"href":"https:\/\/www.acapulcopress.com\/index.php\/wp-json\/wp\/v2\/categories?post=1251305"},{"taxonomy":"post_tag","embeddable":true,"href":"https:\/\/www.acapulcopress.com\/index.php\/wp-json\/wp\/v2\/tags?post=1251305"}],"curies":[{"name":"wp","href":"https:\/\/api.w.org\/{rel}","templated":true}]}}