{"id":1251318,"date":"2023-02-28T21:52:08","date_gmt":"2023-03-01T03:52:08","guid":{"rendered":"https:\/\/www.acapulcopress.com\/?p=1251318"},"modified":"2023-02-28T21:52:08","modified_gmt":"2023-03-01T03:52:08","slug":"titular-de-educacion-basica-sep-y-titular-de-seg-visitan-escuela-primaria-simon-bolivar","status":"publish","type":"post","link":"https:\/\/www.acapulcopress.com\/index.php\/2023\/02\/28\/titular-de-educacion-basica-sep-y-titular-de-seg-visitan-escuela-primaria-simon-bolivar\/","title":{"rendered":"Titular de Educaci\u00f3n B\u00e1sica SEP y titular de SEG visitan escuela primaria Sim\u00f3n Bol\u00edvar"},"content":{"rendered":"<p style=\"text-align: justify;\"><img loading=\"lazy\" decoding=\"async\" class=\"alignnone wp-image-1251322 size-large\" src=\"https:\/\/www.acapulcopress.com\/wp-content\/uploads\/2023\/02\/MARCIAL-RODRIGUEZ4-840x295.jpg\" alt=\"\" width=\"696\" height=\"244\" \/>CHILPANCINGO * 28 de febrero de 2023.<br \/>\n<em>) <a href=\"https:\/\/www.facebook.com\/EducacionGuerrero\" target=\"_blank\" rel=\"noopener\">SEG<\/a><\/em><br \/>\n<img loading=\"lazy\" decoding=\"async\" class=\"alignleft size-medium wp-image-1251321\" src=\"https:\/\/www.acapulcopress.com\/wp-content\/uploads\/2023\/02\/MARCIAL-RODRIGUEZ3-375x290.jpg\" alt=\"\" width=\"375\" height=\"290\" \/>El Secretario de Educaci\u00f3n en Guerrero, <a href=\"https:\/\/www.facebook.com\/MarcialRodriguezS\" target=\"_blank\" rel=\"noopener\">Marcial Rodr\u00edguez Salda\u00f1a<\/a>, y la subsecretaria de Educaci\u00f3n B\u00e1sica de la SEP, Martha Velda Hern\u00e1ndez Moreno, visitaron a estudiantes, docentes, directivos y trabajadores de la escuela primaria \u00abSim\u00f3n Bolivar\u00bb &#8211;que dirige Omar Ocampo Astudillo&#8211; y el Centro de Atenci\u00f3n Infantil (CAI) N\u00famero 1 (que dirige la Mtra. Mar\u00eda de la Luz Mejia Salinas), ubicadas en esta ciudad capital.<\/p>\n<p style=\"text-align: justify;\">Rodr\u00edguez Salda\u00f1a, a nombre de la gobernadora <a href=\"https:\/\/www.facebook.com\/EvelynSalgadoP\" target=\"_blank\" rel=\"noopener\">Evelyn Salgado Pineda<\/a>, dio una cordial bienvenida a Velda Hern\u00e1ndez y expres\u00f3 que en el Estado se trabaja para impulsar el modelo educativo de la \u00abNueva Escuela Mexicana\u00bb. Luego visitaron a las ni\u00f1as y ni\u00f1os en sus aulas, dialogaron con los docentes y entregaron material desinfectante, de limpieza, de oficina, c\u00edvico y deportivo.<\/p>\n<p style=\"text-align: justify;\"><img loading=\"lazy\" decoding=\"async\" class=\"alignleft size-medium wp-image-1251320\" src=\"https:\/\/www.acapulcopress.com\/wp-content\/uploads\/2023\/02\/MARCIAL-RODRIGUEZ2-1-375x232.jpg\" alt=\"\" width=\"375\" height=\"232\" \/>La subsecretaria federal estuvo el d\u00eda lunes en otras escuelas de educaci\u00f3n b\u00e1sica en Amojileca, en esta ciudad, y visitar\u00e1 instituciones educativas en Tixtla.<\/p>\n<p style=\"text-align: justify;\">Estuvieron en los eventos los subsecretarios de Educaci\u00f3n B\u00e1sica, Ricardo Castillo Pe\u00f1a; de Educaci\u00f3n Media Superior y Superior, Marco Antonio Marb\u00e1n Galv\u00e1n, y parte de la estructura de la SEG.<\/p>\n<p style=\"text-align: justify;\">\n<em>] Vis\u00edtanos en ) acapulcopres.com y S\u00edguenos en ) facebook.com\/<a href=\"https:\/\/www.facebook.com\/acapulcopress.news\" target=\"_blank\" rel=\"noopener\">acapulcopress.news<\/a><\/em><\/p>\n","protected":false},"excerpt":{"rendered":"<p>CHILPANCINGO * 28 de febrero de 2023. ) SEG El Secretario de Educaci\u00f3n en Guerrero, Marcial Rodr\u00edguez Salda\u00f1a, y la subsecretaria de Educaci\u00f3n B\u00e1sica de la SEP, Martha Velda Hern\u00e1ndez Moreno, visitaron a estudiantes, docentes, directivos y trabajadores de la escuela primaria \u00abSim\u00f3n Bolivar\u00bb &#8211;que dirige Omar Ocampo Astudillo&#8211; y el Centro de Atenci\u00f3n Infantil&#8230;<\/p>\n","protected":false},"author":2,"featured_media":1251323,"comment_status":"closed","ping_status":"closed","sticky":false,"template":"","format":"standard","meta":{"footnotes":""},"categories":[18561,2081],"tags":[5478,12457,12745,13796,16362,16485],"class_list":["post-1251318","post","type-post","status-publish","format-standard","has-post-thumbnail","hentry","category-society-politics","category-seg","tag-centro-de-atencion-infantil-cai","tag-marcial-rodriguez-saldana","tag-martha-velda-hernandez-moreno","tag-nueva-escuela-mexicana","tag-seg","tag-sep"],"_links":{"self":[{"href":"https:\/\/www.acapulcopress.com\/index.php\/wp-json\/wp\/v2\/posts\/1251318","targetHints":{"allow":["GET"]}}],"collection":[{"href":"https:\/\/www.acapulcopress.com\/index.php\/wp-json\/wp\/v2\/posts"}],"about":[{"href":"https:\/\/www.acapulcopress.com\/index.php\/wp-json\/wp\/v2\/types\/post"}],"author":[{"embeddable":true,"href":"https:\/\/www.acapulcopress.com\/index.php\/wp-json\/wp\/v2\/users\/2"}],"replies":[{"embeddable":true,"href":"https:\/\/www.acapulcopress.com\/index.php\/wp-json\/wp\/v2\/comments?post=1251318"}],"version-history":[{"count":0,"href":"https:\/\/www.acapulcopress.com\/index.php\/wp-json\/wp\/v2\/posts\/1251318\/revisions"}],"wp:featuredmedia":[{"embeddable":true,"href":"https:\/\/www.acapulcopress.com\/index.php\/wp-json\/"}],"wp:attachment":[{"href":"https:\/\/www.acapulcopress.com\/index.php\/wp-json\/wp\/v2\/media?parent=1251318"}],"wp:term":[{"taxonomy":"category","embeddable":true,"href":"https:\/\/www.acapulcopress.com\/index.php\/wp-json\/wp\/v2\/categories?post=1251318"},{"taxonomy":"post_tag","embeddable":true,"href":"https:\/\/www.acapulcopress.com\/index.php\/wp-json\/wp\/v2\/tags?post=1251318"}],"curies":[{"name":"wp","href":"https:\/\/api.w.org\/{rel}","templated":true}]}}