{"id":1251345,"date":"2023-02-28T23:04:35","date_gmt":"2023-03-01T05:04:35","guid":{"rendered":"https:\/\/www.acapulcopress.com\/?p=1251345"},"modified":"2023-02-28T23:04:35","modified_gmt":"2023-03-01T05:04:35","slug":"invita-gobernadora-salgado-a-trabajar-mas-en-territorio-que-en-escritorio","status":"publish","type":"post","link":"https:\/\/www.acapulcopress.com\/index.php\/2023\/02\/28\/invita-gobernadora-salgado-a-trabajar-mas-en-territorio-que-en-escritorio\/","title":{"rendered":"Invita Gobernadora Salgado a trabajar m\u00e1s en territorio que en escritorio"},"content":{"rendered":"<p style=\"text-align: justify;\">CHILPANCINGO * 28 de febrero de 2023.<br \/>\n<em>) Gobierno de Guerrero<\/em><br \/>\n<img loading=\"lazy\" decoding=\"async\" class=\"alignleft size-medium wp-image-1251359\" src=\"https:\/\/www.acapulcopress.com\/wp-content\/uploads\/2023\/02\/EVELYN.TERRITORIO7-375x175.jpg\" alt=\"\" width=\"375\" height=\"175\" \/>Al encabezar la entrega mensual de aparatos funcionales del Programa \u00abTransformando Vidas\u00bb en beneficio de 291 adultos mayores y ni\u00f1os con discapacidad de diversos municipios de la entidad; la gobernadora <a href=\"https:\/\/www.facebook.com\/EvelynSalgadoP\" target=\"_blank\" rel=\"noopener\">Evelyn Salgado Pineda,<\/a> acompa\u00f1ada de la presidenta del Sistema DIF Guerrero, <a href=\"https:\/\/www.facebook.com\/LizSalgadoP\" target=\"_blank\" rel=\"noopener\">Liz Salgado Pineda,<\/a> hizo un llamado a trabajar con empat\u00eda y amor al pr\u00f3jimo para seguir garantizando una vida de bienestar para quienes m\u00e1s lo necesitan.<\/p>\n<p style=\"text-align: justify;\">La mandataria estatal reafirm\u00f3 su compromiso de atender prioritariamente a las personas con discapacidad en Guerrero, por ello se hizo universal el programa de apoyo a personas con discapacidad para que ninguna persona se quede sin este apoyo, porque el recurso es <img loading=\"lazy\" decoding=\"async\" class=\"alignleft size-medium wp-image-1251353\" src=\"https:\/\/www.acapulcopress.com\/wp-content\/uploads\/2023\/02\/EVELYN.TERRITORIO-375x249.jpg\" alt=\"\" width=\"375\" height=\"249\" \/>del pueblo.<\/p>\n<p style=\"text-align: justify;\">Destac\u00f3 que los apoyos otorgados durante esta entrega de aparatos funcionales correspondiente al mes de febrero son de calidad y de primera, beneficiando a ni\u00f1as, ni\u00f1os y adultos de los municipios de Chilapa, Chilpancingo, Eduardo Neri, Eduardo Neri, Quechultenango, Zitlala, Acapulco, M\u00e1rtir de Cuilapan, Leonardo Bravo, Heliodoro Castillo, Tixtla, Taxco y del IGATIPAM.<\/p>\n<p style=\"text-align: justify;\">Junto con la Presidenta del Sistema DIF Guerrero, Liz Salgado Pineda, la gobernadora Evelyn Salgado Pineda realiz\u00f3 la entrega de sillas de ruedas para adultos y ni\u00f1os, carriolas y sillas ortop\u00e9dicas PCI, andaderas para adultos, muletas, bastones ortop\u00e9dicos y bastones especiales para invidentes a 291 beneficiarios.<\/p>\n<p style=\"text-align: justify;\"><img loading=\"lazy\" decoding=\"async\" class=\"alignleft size-medium wp-image-1251354\" src=\"https:\/\/www.acapulcopress.com\/wp-content\/uploads\/2023\/02\/EVELYN.TERRITORIO2-375x562.jpg\" alt=\"\" width=\"375\" height=\"562\" \/>\u00abGuerrero necesita que le metamos velocidad, qu\u00e9 le echemos toda la energ\u00eda porque la transformaci\u00f3n de nuestro estado lo requiere, y tambi\u00e9n requiere que lleguen los beneficios hasta el \u00faltimo rinc\u00f3n por eso nos metemos hasta el \u00faltimo rinc\u00f3n de Guerrero y vamos a seguir trabajando en territorio m\u00e1s que en el escritorio\u00bb, puntualiz\u00f3 Evelyn Salgado.<\/p>\n<p style=\"text-align: justify;\">La gobernadora anunci\u00f3 que este mes, adem\u00e1s de los apoyos otorgados, el DIF Nacional proporcion\u00f3 equipo para seis unidades b\u00e1sicas de rehabilitaci\u00f3n en el estado que tienen el objetivo de realizar servicios las cuales tienen el objetivo proporcionar servicios de rehabilitaci\u00f3n integral en los municipios.<\/p>\n<p style=\"text-align: justify;\">Por su parte, la presidenta del DIF Guerrero, Liz Salgado Pineda, expres\u00f3 que se tienen grandes desaf\u00edos por el bienestar de Guerrero, sin embargo, unidos, sumando voluntades con el coraz\u00f3n por delante se puede salir adelante transformando Guerrero.<\/p>\n<p style=\"text-align: justify;\">Liz Salgado se\u00f1al\u00f3 que el Programa \u00abTransformando Vidas\u00bb integra la transformaci\u00f3n de la asistencia social que ofrece el DIF Guerrero en coordinaci\u00f3n con el DIF nacional para atender, procurar y garantizar una vida de bienestar y dignidad.<\/p>\n<p style=\"text-align: justify;\">Al evento asistieron los titulares de los DIF Municipales, as\u00ed como la directora del IGATIPAM, Ilda Ruth Lorenzo Hern\u00e1ndez; el director general del DIF Guerrero, Antonio Magdaleno Sol\u00eds; as\u00ed como beneficiarios y funcionarios estatales.<\/p>\n<p><strong>El pueblo del pueblo no se toca\u00a0<\/strong><\/p>\n<p><img loading=\"lazy\" decoding=\"async\" class=\"alignleft size-medium wp-image-1251351\" src=\"https:\/\/www.acapulcopress.com\/wp-content\/uploads\/2023\/02\/DINERO-PUEBLO7-375x249.jpg\" alt=\"\" width=\"375\" height=\"249\" \/>Con el compromiso irrestricto de no mentir, no robar y no traicionar al pueblo como una pol\u00edtica angular de su gobierno, Evelyn Salgado Pineda, encabez\u00f3 con el Auditor General del Estado, Marco C\u00e9sar Par\u00eds Peralta el acto protocolario para la apertura al proceso de auditor\u00edas de la Cuenta P\u00fablica del Ejercicio Fiscal 2022 que se realizar\u00e1n a 153 entes fiscalizables del Poder Ejecutivo.<\/p>\n<p style=\"text-align: justify;\">La gobernadora es la mejor evaluada en el pa\u00eds en el combate a la corrupci\u00f3n de acuerdo con los resultados de la encuestadora ARIAS Consultores, que registr\u00f3 a Guerrero con la mejor evaluaci\u00f3n nacional con el 32.2 por ciento de aprobaci\u00f3n.<\/p>\n<p style=\"text-align: justify;\">\u00abGuerrero aparece en el n\u00famero uno como el estado que tiene una lucha frontal contra la <img loading=\"lazy\" decoding=\"async\" class=\"alignleft size-medium wp-image-1251350\" src=\"https:\/\/www.acapulcopress.com\/wp-content\/uploads\/2023\/02\/DINERO-PUEBLO6-375x547.jpg\" alt=\"\" width=\"375\" height=\"547\" \/>corrupci\u00f3n, nos llevamos el primer lugar seg\u00fan la encuestadora Arias en el combate a la corrupci\u00f3n y as\u00ed vamos a continuar de manera transparente iniciando por la gobernadora, trabajando bajo la misma l\u00ednea, bajo los mismos principios e ideales\u00bb afirm\u00f3 Evelyn Salgado Pineda.<\/p>\n<p style=\"text-align: justify;\">Durante este evento, la gobernadora Evelyn Salgado manifest\u00f3 que encabeza un gobierno abierto a las auditor\u00edas como un claro ejercicio de la rendici\u00f3n de cuentas y transparencia de los recursos del pueblo, por lo que seguir\u00e1 luchando contra la corrupci\u00f3n, el rezago, la marginaci\u00f3n y la pobreza para seguir transformando a Guerrero.<\/p>\n<p style=\"text-align: justify;\">Al firmar de recibido la notificaci\u00f3n de la Auditor\u00eda Superior del Estado con la cual se da inicio al proceso de auditor\u00edas de la Cuenta P\u00fablica 2022 en este acto protocolario, la mandataria estatal puntualiz\u00f3 que se cumple cabalmente con lo que marca la ley en materia de transparencia y rendici\u00f3n de cuentas de los recursos p\u00fablicos que se asignan conforme a la ley a planes y programas vigentes.<\/p>\n<p style=\"text-align: justify;\">\u00abEl dinero del pueblo no se toca, el dinero del pueblo tiene que ir donde tiene que ir, a los <img loading=\"lazy\" decoding=\"async\" class=\"alignleft size-medium wp-image-1251348\" src=\"https:\/\/www.acapulcopress.com\/wp-content\/uploads\/2023\/02\/DINERO-PUEBLO3-375x269.jpg\" alt=\"\" width=\"375\" height=\"269\" \/>programas sociales, a todo lo que se entrega, es decir, el dinero del pueblo no se toca, entonces la fiscalizaci\u00f3n nos permite cuidar de los recursos y garantizar que estos lleguen a donde de verdad se asignaron y se necesitan\u00bb, se\u00f1al\u00f3 Evelyn Salgado.<\/p>\n<p style=\"text-align: justify;\">Agreg\u00f3 que su gobierno ser\u00e1 garante del uso correcto de los recursos fomentando la confianza, la integridad, disponibilidad y transparencia de toda la documentaci\u00f3n relacionada con la fiscalizaci\u00f3n contribuyendo de manera decidida a consolidar la confianza de la ciudadan\u00eda en las instituciones p\u00fablicas, por lo que instruy\u00f3 a todas las secretarias y secretarios cumplir con la ley de transparencia como un deber \u00e9tico y moral.<\/p>\n<p style=\"text-align: justify;\">Por su parte, el Auditor Superior del Estado, Marco C\u00e9sar Par\u00eds Peralta, reconoci\u00f3 la <img loading=\"lazy\" decoding=\"async\" class=\"alignleft size-medium wp-image-1251346\" src=\"https:\/\/www.acapulcopress.com\/wp-content\/uploads\/2023\/02\/DINERO-PUEBLO-375x225.jpg\" alt=\"\" width=\"375\" height=\"225\" \/>apertura de la gobernadora Evelyn Salgado Pineda para realizar este acto protocolario de inicio a la fiscalizaci\u00f3n de la cuenta p\u00fablica que es sin\u00f3nimo de una buena gobernanza transparente, permitiendo la objetividad, credibilidad y consolidaci\u00f3n de las instituciones fortaleciendo la confianza ante la sociedad civil.<\/p>\n<p style=\"text-align: justify;\">Par\u00eds Peralta, se\u00f1al\u00f3 que se contempla realizar autor\u00edas a los 153 entes fiscalizables entre los que se encuentran del sector gobierno que comprenden al Poder Ejecutivo siendo estas: Las secretar\u00edas de Finanzas y Administraci\u00f3n; de Desarrollo Urbano, Obras P\u00fablicas y Ordenamiento Territorial; de Agricultura, Ganader\u00eda Pesca y Desarrollo Rural; de Planeaci\u00f3n y Desarrollo Regional; del Medio Ambiente y Recursos Naturales.<\/p>\n<p style=\"text-align: justify;\">As\u00ed como el Tribunal de Conciliaci\u00f3n y Arbitraje, la Secretar\u00eda de Educaci\u00f3n; Secretar\u00eda de Salud; Contralor\u00eda y Transparencia Gubernamental; Secretar\u00eda de Turismo; Secretar\u00eda de Turismo y la representaci\u00f3n del poder Ejecutivo en la Ciudad de M\u00e9xico, para garantizar la efectiva rendici\u00f3n de cuentas.<\/p>\n<p><em>] Vis\u00edtanos en ) acapulcopres.com y S\u00edguenos en ) facebook.com\/<a href=\"https:\/\/www.facebook.com\/acapulcopress.news\" target=\"_blank\" rel=\"noopener\">acapulcopress.news<\/a><\/em><\/p>\n","protected":false},"excerpt":{"rendered":"<p>CHILPANCINGO * 28 de febrero de 2023. ) Gobierno de Guerrero Al encabezar la entrega mensual de aparatos funcionales del Programa \u00abTransformando Vidas\u00bb en beneficio de 291 adultos mayores y ni\u00f1os con discapacidad de diversos municipios de la entidad; la gobernadora Evelyn Salgado Pineda, acompa\u00f1ada de la presidenta del Sistema DIF Guerrero, Liz Salgado Pineda,&#8230;<\/p>\n","protected":false},"author":2,"featured_media":1251360,"comment_status":"closed","ping_status":"closed","sticky":false,"template":"","format":"standard","meta":{"footnotes":""},"categories":[1983,18561],"tags":[7313,12012],"class_list":["post-1251345","post","type-post","status-publish","format-standard","has-post-thumbnail","hentry","category-guerrerogob","category-society-politics","tag-dif-guerrero","tag-liz-salgado-pineda"],"_links":{"self":[{"href":"https:\/\/www.acapulcopress.com\/index.php\/wp-json\/wp\/v2\/posts\/1251345","targetHints":{"allow":["GET"]}}],"collection":[{"href":"https:\/\/www.acapulcopress.com\/index.php\/wp-json\/wp\/v2\/posts"}],"about":[{"href":"https:\/\/www.acapulcopress.com\/index.php\/wp-json\/wp\/v2\/types\/post"}],"author":[{"embeddable":true,"href":"https:\/\/www.acapulcopress.com\/index.php\/wp-json\/wp\/v2\/users\/2"}],"replies":[{"embeddable":true,"href":"https:\/\/www.acapulcopress.com\/index.php\/wp-json\/wp\/v2\/comments?post=1251345"}],"version-history":[{"count":0,"href":"https:\/\/www.acapulcopress.com\/index.php\/wp-json\/wp\/v2\/posts\/1251345\/revisions"}],"wp:featuredmedia":[{"embeddable":true,"href":"https:\/\/www.acapulcopress.com\/index.php\/wp-json\/"}],"wp:attachment":[{"href":"https:\/\/www.acapulcopress.com\/index.php\/wp-json\/wp\/v2\/media?parent=1251345"}],"wp:term":[{"taxonomy":"category","embeddable":true,"href":"https:\/\/www.acapulcopress.com\/index.php\/wp-json\/wp\/v2\/categories?post=1251345"},{"taxonomy":"post_tag","embeddable":true,"href":"https:\/\/www.acapulcopress.com\/index.php\/wp-json\/wp\/v2\/tags?post=1251345"}],"curies":[{"name":"wp","href":"https:\/\/api.w.org\/{rel}","templated":true}]}}