{"id":1251430,"date":"2023-03-02T17:19:42","date_gmt":"2023-03-02T23:19:42","guid":{"rendered":"https:\/\/www.acapulcopress.com\/?p=1251430"},"modified":"2023-03-02T17:19:42","modified_gmt":"2023-03-02T23:19:42","slug":"la-marcha-y-la-ausencia-de-liderazgos","status":"publish","type":"post","link":"https:\/\/www.acapulcopress.com\/index.php\/2023\/03\/02\/la-marcha-y-la-ausencia-de-liderazgos\/","title":{"rendered":"La marcha y la ausencia de liderazgos"},"content":{"rendered":"<p style=\"text-align: justify;\">Tercera V\u00eda<br \/>\n\u00bb <strong>ERNESTO<\/strong> |<strong> RIVERA RODR\u00cdGUEZ<\/strong><br \/>\n<em>) Facebook @<a href=\"https:\/\/www.facebook.com\/profile.php?id=100029214670744\" target=\"_blank\" rel=\"noopener\">Ernesto Rivera<\/a><\/em><\/p>\n<p style=\"text-align: justify;\"><em>Salir a la calle, tomarla, marchar en ella vitorear la demanda para proteger las instituciones democr\u00e1ticas que tanta lucha y sangre le han costado al pa\u00eds, no bast\u00f3 para empu\u00f1ar un gran movimiento por la ausencia de liderazgos capaces de hacer sentir su fuerza y capacidad de atracci\u00f3n. Alguien vio alguno? El \u00fanico presente desde su ausencia, pero vivo en el imaginario de las consignas de \u00abEl INE No se Toca\u00bb fue sin lugar a dudas Andr\u00e9s Manuel L\u00f3pez Obrador, a quien se le coloc\u00f3 una Banda Presidencial, no con una Patente de Corso.<\/em><\/p>\n<p style=\"text-align: justify;\"><em>El resto no es \u00fanicamente ausencia, fue estrictamente inexistencia, de tirios y troyanos. Guerrero carece de liderazgos capaces de convencer, de generar otros discursos, otras expectativas que nos devuelven la confianza, la esperanza tan devaluada. Terminar con causas in\u00fatiles olvid\u00e1ndose de los campos electorales como \u00fanico fin, como \u00fanica obsesi\u00f3n lograda. Y ah\u00ed est\u00e1n, ah\u00ed contin\u00faan, a\u00f1o tras a\u00f1o, elecci\u00f3n tras elecci\u00f3n, y que han hecho por Guerrero. Nada.<\/em><\/p>\n<p style=\"text-align: justify;\"><em>Morena est\u00e1 m\u00e1s que cerrada, est\u00e1 expropiada, al menos eso creen ellos, por un grup\u00fasculo sin escr\u00fapulos, de la llamada oposici\u00f3n ni se diga, est\u00e1n igual o peor, en cuatro a\u00f1os un s\u00f3lo hombre los puso al borde del colapso y los morenos piensan que ese s\u00f3lo hombre o con su nombre los va a volver a poner en las boletas, cu\u00e1ndo la 4t est\u00e1 muy lejos de ser real. La pregunta de Sergio Montes es clara: despu\u00e9s de la marcha a d\u00f3nde va Morena?<br \/>\n<\/em><br \/>\n<em>Esperar la voz del amo ya no es suficiente.<\/em><\/p>\n<p style=\"text-align: justify;\"><em>La marcha trajo la simiente del cambio, m\u00e1s all\u00e1 del INE, lo que se debe aprovechar es el \u00abenvi\u00f3n\u00bb en contra. Utilizar sus propias armas, su propia fuerza, golpear hasta hoy no ha funcionado. La eternidad en los puestos convertida en una corrupci\u00f3n saturada de medias verdades y mentiras completas, a puesto a los partidos pol\u00edticos al borde de la extinci\u00f3n, inquilinos del poder como si fuera una c\u00e9dula de perpetuidad, d\u00f3nde la figura violencia de g\u00e9nero respecto a ellas a adquirido cartilla de identidad de manera tan subjetiva que rebasa la l\u00ednea de la raz\u00f3n.<\/em><\/p>\n<p style=\"text-align: justify;\"><em>La fuerza de la marcha se cuece en el caldero de la sociedad, una sociedad hasta hoy inimaginada por los te\u00f3ricos, pero ya se escuchan sus pasos. Al tiempo, con o sin Plan B, el cual es un plan profundamente regresivo, y c\u00f3mo \u00e9l mismo afirm\u00f3 que la democracia en M\u00e9xico es mejor que la de Estados Unidos, entonces para que quiere desaparecer el \u00e1rbitro que a \u00e9l le dio el triunfo.<\/em><\/p>\n<p><em>Qu\u00e9 alguien\u00a0me\u00a0explique.<\/em><\/p>\n<p><em>] Vis\u00edtanos en ) acapulcopres.com y S\u00edguenos en )<a href=\"https:\/\/www.facebook.com\/acapulcopress.news\" target=\"_blank\" rel=\"noopener\"> facebook.com\/acapulcopress.news<\/a><\/em><\/p>\n","protected":false},"excerpt":{"rendered":"<p>Tercera V\u00eda \u00bb ERNESTO | RIVERA RODR\u00cdGUEZ ) Facebook @Ernesto Rivera Salir a la calle, tomarla, marchar en ella vitorear la demanda para proteger las instituciones democr\u00e1ticas que tanta lucha y sangre le han costado al pa\u00eds, no bast\u00f3 para empu\u00f1ar un gran movimiento por la ausencia de liderazgos capaces de hacer sentir su fuerza&#8230;<\/p>\n","protected":false},"author":2,"featured_media":1251432,"comment_status":"closed","ping_status":"closed","sticky":false,"template":"","format":"standard","meta":{"footnotes":""},"categories":[1972,2071,1991],"tags":[2690,8063,17071],"class_list":["post-1251430","post","type-post","status-publish","format-standard","has-post-thumbnail","hentry","category-special","category-opinion-analisis-columnas","category-libertad-de-expresion","tag-elinenosetoca","tag-ernesto-rivera-rodriguez","tag-tercera-via"],"_links":{"self":[{"href":"https:\/\/www.acapulcopress.com\/index.php\/wp-json\/wp\/v2\/posts\/1251430","targetHints":{"allow":["GET"]}}],"collection":[{"href":"https:\/\/www.acapulcopress.com\/index.php\/wp-json\/wp\/v2\/posts"}],"about":[{"href":"https:\/\/www.acapulcopress.com\/index.php\/wp-json\/wp\/v2\/types\/post"}],"author":[{"embeddable":true,"href":"https:\/\/www.acapulcopress.com\/index.php\/wp-json\/wp\/v2\/users\/2"}],"replies":[{"embeddable":true,"href":"https:\/\/www.acapulcopress.com\/index.php\/wp-json\/wp\/v2\/comments?post=1251430"}],"version-history":[{"count":0,"href":"https:\/\/www.acapulcopress.com\/index.php\/wp-json\/wp\/v2\/posts\/1251430\/revisions"}],"wp:featuredmedia":[{"embeddable":true,"href":"https:\/\/www.acapulcopress.com\/index.php\/wp-json\/"}],"wp:attachment":[{"href":"https:\/\/www.acapulcopress.com\/index.php\/wp-json\/wp\/v2\/media?parent=1251430"}],"wp:term":[{"taxonomy":"category","embeddable":true,"href":"https:\/\/www.acapulcopress.com\/index.php\/wp-json\/wp\/v2\/categories?post=1251430"},{"taxonomy":"post_tag","embeddable":true,"href":"https:\/\/www.acapulcopress.com\/index.php\/wp-json\/wp\/v2\/tags?post=1251430"}],"curies":[{"name":"wp","href":"https:\/\/api.w.org\/{rel}","templated":true}]}}