{"id":1251435,"date":"2023-03-02T17:46:49","date_gmt":"2023-03-02T23:46:49","guid":{"rendered":"https:\/\/www.acapulcopress.com\/?p=1251435"},"modified":"2023-03-02T17:46:49","modified_gmt":"2023-03-02T23:46:49","slug":"la-pobreza-eterna-de-guerrero","status":"publish","type":"post","link":"https:\/\/www.acapulcopress.com\/index.php\/2023\/03\/02\/la-pobreza-eterna-de-guerrero\/","title":{"rendered":"La pobreza eterna de Guerrero"},"content":{"rendered":"<p style=\"text-align: justify;\">Marem\u00e1gnum<br \/>\n\u00bb <strong>RICARDO<\/strong> | <strong>CASTILLO BARRIENTOS<\/strong><br \/>\n<em>) Facebook: @ <a href=\"https:\/\/www.facebook.com\/ricardocastill01\" target=\"_blank\" rel=\"noopener\">Ricardo Castillo Barrientos<\/a><\/em><\/p>\n<p style=\"text-align: justify;\">Hist\u00f3ricamente el estado de Guerrero ha vivido a la zaga o en el cab\u00fas del desarrollo nacional. Desde tiempos inmemoriales este solar suriano ha tenido poblaciones ind\u00edgenas asentadas en intrincadas zonas de dif\u00edcil acceso; actualmente las brechas y caminos de terracer\u00eda se han venido transformando en carreteras o caminos artesanales.<\/p>\n<p style=\"text-align: justify;\">Los gobernantes guerrerenses han pronunciado en sus l\u00edneas discursivas que est\u00e1n sentando las bases estructurales para la superaci\u00f3n de la pobreza, el desarrollo social y econ\u00f3mico de la entidad. Las buenas intenciones quedan en eso, pues las condiciones de sobrevivencia de la gente permanecen intactas. El <em>statu quo<\/em> se mantiene inalterable, a pesar que se quiera dar la impresi\u00f3n de algunos signos de progreso, naturales a trav\u00e9s del tiempo y por el crecimiento demogr\u00e1fico.<\/p>\n<p style=\"text-align: justify;\">La descoordinaci\u00f3n interinstitucional de los tres niveles de gobierno ha sido el factor prioritario de la dispersi\u00f3n de esfuerzos y recursos gubernamentales e impedido que incidan en el m\u00ednimo crecimiento comunitario y por ende, en el desaliento o sufrimiento de la gente por las carencias ancestrales de todo tipo: alimentaria y de empleo, principalmente, quedando inmersos en un eterno c\u00edrculo de la pobreza, no tan solo en las zonas rurales, tambi\u00e9n urbanas.<\/p>\n<p style=\"text-align: justify;\">El eterno problema de la pobreza en Guerrero radica en la falta de visi\u00f3n e inter\u00e9s de los gobernantes responsables de las pol\u00edticas p\u00fablicas sociales, por no dar un seguimiento y supervisi\u00f3n eficaz, a las actividades educativas, productivas, de salud, entre otras. Pr\u00e1cticamente las dejan al garete por la lejan\u00eda donde se desarrollan.<\/p>\n<p style=\"text-align: justify;\">Los programas sociales, -aunque generosos- han resultado insuficientes para superar la aguda problem\u00e1tica social. Se requiere m\u00e1s que eso: que las acciones gubernamentales confluyan en una sola ruta de coordinaci\u00f3n interinstitucional y social.<\/p>\n<p style=\"text-align: justify;\">La migraci\u00f3n de los paisanos es la puerta de escape para mejorar sus condiciones de vida y de sus familias, a trav\u00e9s de remesas que env\u00edan desde la Uni\u00f3n Americana. Son la salvaci\u00f3n familiar.<\/p>\n<p style=\"text-align: justify;\">El estado de Guerrero, junto con Chiapas y Oaxaca, permanecen desde hace d\u00e9cadas en los \u00faltimos lugares del desarrollo nacional. Otras entidades que estaban en semejantes condiciones, como Tlaxcala, Hidalgo, Veracruz y Tabasco, tambi\u00e9n con altas poblaciones ind\u00edgenas, han logrado avanzar y salir adelante. \u00bfY Guerrero, porque no? \u00bfEstamos condenados hasta la eternidad?<\/p>\n<p style=\"text-align: justify;\"><strong>Marea Baja.-<\/strong> Resulta tit\u00e1nico formar parte de un grupo cultural porque muy raras veces reciben alg\u00fan apoyo de las autoridades culturales, sea municipal, estatal o federal. Los dejan a su suerte.<\/p>\n<p style=\"text-align: justify;\">Esto viene al caso porque el grupo de danza Xocoyotzin Acatl\u00e1n, integrado por j\u00f3venes y adolescentes sanluistecos, se han organizado para rescatar y fortalecer la cultura de la Costa Chica, mismos que han sido invitados para asistir al Festival Zacatecas Folk del 15 al 21 de marzo. \u00bfCon que ojos divino tuerto van asistir sino cuentan con alg\u00fan apoyo oficial?.<br \/>\nHacen un llamado solidario a los amantes de la cultura para que los apoyen y les depositen al n\u00famero de tarjeta 5256 7829 9201 7395 Citi Banamex, a nombre del profesor C\u00e9sar Miguel Ocampo Garc\u00eda, (741 100 04 40).<\/p>\n<p style=\"text-align: justify;\"><strong>Marea Alta.-<\/strong> Despu\u00e9s de una relativa ausencia hizo su reaparici\u00f3n en Guerrero, el Frente Popular Revolucionario (FPR), del Partido Comunista de M\u00e9xico (Marxista Leninista), cuyo m\u00e1ximo dirigente es el camarada costachiquense, Omar Garibay Guerra. Vienen con todo para apoyar las luchas populares de trabajadores, campesinos y colonos de las distintas regiones de la entidad.<\/p>\n<p style=\"text-align: justify;\">Esta combativa organizaci\u00f3n social cumpli\u00f3 20 a\u00f1os de su fundaci\u00f3n y tiene como objetivo constituirse como un gran Frente Popular Revolucionario, para dotarle al proletariado mexicano, a los campesinos pobres y los sectores populares de un instrumento de combate para la revoluci\u00f3n proletaria. Esta combativa organizaci\u00f3n seguramente ser\u00e1 una piedra en el zapato para funcionarios corruptos e irresponsables.<\/p>\n<p style=\"text-align: justify;\"><strong>Maremoto.-<\/strong> El senador <a href=\"https:\/\/www.facebook.com\/ManuelAnorveBanos\" target=\"_blank\" rel=\"noopener\">Manuel A\u00f1orve Ba\u00f1os<\/a>, se perfila como el pr\u00f3ximo Presidente del <img loading=\"lazy\" decoding=\"async\" class=\"alignleft size-medium wp-image-1251436\" src=\"https:\/\/www.acapulcopress.com\/wp-content\/uploads\/2023\/03\/anorve-375x233.jpg\" alt=\"\" width=\"375\" height=\"233\" \/>Comit\u00e9 Ejecutivo Nacional del PRI, una vez que el INE invalid\u00f3 la reforma estatutaria promovida por Alejandro Moreno, Presidente del CEN (conocido con el mote de Alito), qui\u00e9n pretendi\u00f3 prorrogar su periodo estatutario para despu\u00e9s de las elecciones del 2024, y as\u00ed decidir todas las candidaturas de ese partido que se disputar\u00e1n en el inminente proceso electoral.<\/p>\n<p style=\"text-align: justify;\">El senador A\u00f1orve funge como vice-coordinador de la fracci\u00f3n parlamentaria pri\u00edsta en el Senado de la Rep\u00fablica y por su estrecha cercan\u00eda con Alito se perfila como su m\u00e1s probable sucesor en el mes de agosto. Sin embargo, tambi\u00e9n le disputar\u00e1n la dirigencia nacional, el diputado Rub\u00e9n Moreira, l\u00edder de la bancada pri\u00edsta en la Cama Baja y la secretaria general del PRI, Carolina Viggiano, frustrada ex candidata al gobierno de Hidalgo.<\/p>\n<p><em>] Vis\u00edtanos en ) acapulcopres.com y S\u00edguenos en )<a href=\"https:\/\/www.facebook.com\/acapulcopress.news\" target=\"_blank\" rel=\"noopener\"> facebook.com\/acapulcopress.news<\/a><\/em><\/p>\n","protected":false},"excerpt":{"rendered":"<p>Marem\u00e1gnum \u00bb RICARDO | CASTILLO BARRIENTOS ) Facebook: @ Ricardo Castillo Barrientos Hist\u00f3ricamente el estado de Guerrero ha vivido a la zaga o en el cab\u00fas del desarrollo nacional. Desde tiempos inmemoriales este solar suriano ha tenido poblaciones ind\u00edgenas asentadas en intrincadas zonas de dif\u00edcil acceso; actualmente las brechas y caminos de terracer\u00eda se han&#8230;<\/p>\n","protected":false},"author":2,"featured_media":1251437,"comment_status":"closed","ping_status":"closed","sticky":false,"template":"","format":"standard","meta":{"footnotes":""},"categories":[1972,2071,1991],"tags":[12368,12503,14690,15575],"class_list":["post-1251435","post","type-post","status-publish","format-standard","has-post-thumbnail","hentry","category-special","category-opinion-analisis-columnas","category-libertad-de-expresion","tag-manuel-anorve-vanos","tag-maremagnum","tag-pobreza-en-guerrero","tag-ricardo-castillo-barrientos"],"_links":{"self":[{"href":"https:\/\/www.acapulcopress.com\/index.php\/wp-json\/wp\/v2\/posts\/1251435","targetHints":{"allow":["GET"]}}],"collection":[{"href":"https:\/\/www.acapulcopress.com\/index.php\/wp-json\/wp\/v2\/posts"}],"about":[{"href":"https:\/\/www.acapulcopress.com\/index.php\/wp-json\/wp\/v2\/types\/post"}],"author":[{"embeddable":true,"href":"https:\/\/www.acapulcopress.com\/index.php\/wp-json\/wp\/v2\/users\/2"}],"replies":[{"embeddable":true,"href":"https:\/\/www.acapulcopress.com\/index.php\/wp-json\/wp\/v2\/comments?post=1251435"}],"version-history":[{"count":0,"href":"https:\/\/www.acapulcopress.com\/index.php\/wp-json\/wp\/v2\/posts\/1251435\/revisions"}],"wp:featuredmedia":[{"embeddable":true,"href":"https:\/\/www.acapulcopress.com\/index.php\/wp-json\/"}],"wp:attachment":[{"href":"https:\/\/www.acapulcopress.com\/index.php\/wp-json\/wp\/v2\/media?parent=1251435"}],"wp:term":[{"taxonomy":"category","embeddable":true,"href":"https:\/\/www.acapulcopress.com\/index.php\/wp-json\/wp\/v2\/categories?post=1251435"},{"taxonomy":"post_tag","embeddable":true,"href":"https:\/\/www.acapulcopress.com\/index.php\/wp-json\/wp\/v2\/tags?post=1251435"}],"curies":[{"name":"wp","href":"https:\/\/api.w.org\/{rel}","templated":true}]}}