{"id":1251441,"date":"2023-03-02T17:27:03","date_gmt":"2023-03-02T23:27:03","guid":{"rendered":"https:\/\/www.acapulcopress.com\/?p=1251441"},"modified":"2023-03-02T17:27:03","modified_gmt":"2023-03-02T23:27:03","slug":"anuncia-gobernadora-pagos-pendientes-de-pension-a-personas-con-discapacidad-2022","status":"publish","type":"post","link":"https:\/\/www.acapulcopress.com\/index.php\/2023\/03\/02\/anuncia-gobernadora-pagos-pendientes-de-pension-a-personas-con-discapacidad-2022\/","title":{"rendered":"Anuncia Gobernadora pagos pendientes de Pensi\u00f3n a Personas con Discapacidad 2022"},"content":{"rendered":"<p style=\"text-align: justify;\">CHILPANCINGO * 2 de marzo de 2023.<br \/>\n<em>) Gobierno de Guerrero<\/em><br \/>\nLa gobernadora <a href=\"https:\/\/www.facebook.com\/EvelynSalgadoP\" target=\"_blank\" rel=\"noopener\">Evelyn Salgado Pineda<\/a> anunci\u00f3 que desde este mi\u00e9rcoles inici\u00f3 la dispersi\u00f3n de recursos para cubrir los pagos pendientes del 2022 a los beneficiarios del programa Pensi\u00f3n para el Bienestar de las Personas con Discapacidad, cumpliendo con el <img loading=\"lazy\" decoding=\"async\" class=\"alignleft size-medium wp-image-1251445\" src=\"https:\/\/www.acapulcopress.com\/wp-content\/uploads\/2023\/03\/PENSION-20224-375x250.jpg\" alt=\"\" width=\"375\" height=\"250\" \/>compromiso de apoyar a 14 mil 410 beneficiarios con una inversi\u00f3n de m\u00e1s de 80 millones de pesos.<\/p>\n<p style=\"text-align: justify;\">En compa\u00f1\u00eda del delegado de Programas para el Desarrollo en el estado de Guerrero, <a href=\"https:\/\/www.facebook.com\/Ivanhernandezdi\" target=\"_blank\" rel=\"noopener\">Iv\u00e1n Hern\u00e1ndez D\u00edaz<\/a>, la gobernadora reconoci\u00f3 y agradeci\u00f3 el apoyo del presidente <a href=\"https:\/\/www.facebook.com\/lopezobrador.org.mx\" target=\"_blank\" rel=\"noopener\">Andr\u00e9s Manuel L\u00f3pez Obrador<\/a> con Guerrero, pues a trav\u00e9s de este tipo de programas tambi\u00e9n se ha logrado apoyar de manera directa a adultos mayores, ni\u00f1os y ni\u00f1as, hijos de madres trabajadoras.<\/p>\n<p style=\"text-align: justify;\">\u00abTres programas sociales que son muy importantes y que atienden muy puntualmente a la poblaci\u00f3n prioritaria de nuestro estado y que son el mejor ejemplo de compromiso que tiene el gobierno federal que encabeza el presidente Andr\u00e9s Manuel L\u00f3pez Obrador con <img loading=\"lazy\" decoding=\"async\" class=\"alignleft size-medium wp-image-1251444\" src=\"https:\/\/www.acapulcopress.com\/wp-content\/uploads\/2023\/03\/PENSION-20223-375x250.jpg\" alt=\"\" width=\"375\" height=\"250\" \/>Guerrero\u00bb, expres\u00f3 la mandataria.<\/p>\n<p style=\"text-align: justify;\">A trav\u00e9s de una transmisi\u00f3n por las redes sociales, la gobernadora detall\u00f3 que en el caso de los pagos retroactivos del programa Pensi\u00f3n para el Bienestar de las Personas con Discapacidad, estos se otorgar\u00e1n a aquellos beneficiarios que se integraron en el mes de junio del 2022 y que recibieron su tarjeta del Bienestar en diciembre de ese mismo a\u00f1o, con un apoyo de 5 mil 600 pesos para cada uno.<\/p>\n<p style=\"text-align: justify;\">En este marco tambi\u00e9n se hizo el anuncio del inicio del operativo para los pagos del segundo bimestre del 2023, de los programas Pensi\u00f3n para el Bienestar de los Adultos Mayores, Pensi\u00f3n para el Bienestar de las Personas con Discapacidad y Apoyo para el Bienestar de Ni\u00f1as y Ni\u00f1os, Hijos de Madres Trabajadoras, en los que se destinan recursos por el orden de m\u00e1s de 6 mil millones de pesos, para apoyar a 438 mil 702 personas.<\/p>\n<p style=\"text-align: justify;\">\u00abEs una inversi\u00f3n hist\u00f3rica que se est\u00e1 haciendo en Guerrero, en cuanto a los programas sociales, nunca antes ning\u00fan presidente de la Rep\u00fablica hab\u00eda puesto sus ojos de esa manera en nuestro estado y ahora el presidente lo hace a trav\u00e9s de estos programas sociales que benefician a much\u00edsimos guerrerenses\u00bb<\/p>\n<p style=\"text-align: justify;\">Por \u00faltimo, Iv\u00e1n Hern\u00e1ndez detall\u00f3 que el pago se realizar\u00e1 a trav\u00e9s de dep\u00f3sitos bancarios, as\u00ed como mediante 720 mesas de pago en los 81 municipios. Esto se llevar\u00e1 mediante un calendario, en el que el jueves 2 de marzo, se atender\u00e1 a las letras A y B; el viernes 3, la letra C; lunes 6, D, E y F; martes 7, la G; mi\u00e9rcoles 8, de la H a la L; jueves 9, M; viernes 10, de la N a la Q; lunes 13, R; martes 14, S, T y U; terminando el mi\u00e9rcoles 15, con las letras\u00a0de\u00a0la\u00a0V\u00a0a\u00a0la\u00a0Z.<\/p>\n<p><em>] Vis\u00edtanos en ) acapulcopres.com y S\u00edguenos en ) <a href=\"https:\/\/www.facebook.com\/acapulcopress.news\" target=\"_blank\" rel=\"noopener\">facebook.com\/acapulcopress.news<\/a><\/em><\/p>\n","protected":false},"excerpt":{"rendered":"<p>CHILPANCINGO * 2 de marzo de 2023. ) Gobierno de Guerrero La gobernadora Evelyn Salgado Pineda anunci\u00f3 que desde este mi\u00e9rcoles inici\u00f3 la dispersi\u00f3n de recursos para cubrir los pagos pendientes del 2022 a los beneficiarios del programa Pensi\u00f3n para el Bienestar de las Personas con Discapacidad, cumpliendo con el compromiso de apoyar a 14&#8230;<\/p>\n","protected":false},"author":2,"featured_media":1251443,"comment_status":"closed","ping_status":"closed","sticky":false,"template":"","format":"standard","meta":{"footnotes":""},"categories":[1972,1983,18561],"tags":[14466],"class_list":["post-1251441","post","type-post","status-publish","format-standard","has-post-thumbnail","hentry","category-special","category-guerrerogob","category-society-politics","tag-pension-para-el-bienestar-de-las-personas-con-discapacidad"],"_links":{"self":[{"href":"https:\/\/www.acapulcopress.com\/index.php\/wp-json\/wp\/v2\/posts\/1251441","targetHints":{"allow":["GET"]}}],"collection":[{"href":"https:\/\/www.acapulcopress.com\/index.php\/wp-json\/wp\/v2\/posts"}],"about":[{"href":"https:\/\/www.acapulcopress.com\/index.php\/wp-json\/wp\/v2\/types\/post"}],"author":[{"embeddable":true,"href":"https:\/\/www.acapulcopress.com\/index.php\/wp-json\/wp\/v2\/users\/2"}],"replies":[{"embeddable":true,"href":"https:\/\/www.acapulcopress.com\/index.php\/wp-json\/wp\/v2\/comments?post=1251441"}],"version-history":[{"count":0,"href":"https:\/\/www.acapulcopress.com\/index.php\/wp-json\/wp\/v2\/posts\/1251441\/revisions"}],"wp:featuredmedia":[{"embeddable":true,"href":"https:\/\/www.acapulcopress.com\/index.php\/wp-json\/"}],"wp:attachment":[{"href":"https:\/\/www.acapulcopress.com\/index.php\/wp-json\/wp\/v2\/media?parent=1251441"}],"wp:term":[{"taxonomy":"category","embeddable":true,"href":"https:\/\/www.acapulcopress.com\/index.php\/wp-json\/wp\/v2\/categories?post=1251441"},{"taxonomy":"post_tag","embeddable":true,"href":"https:\/\/www.acapulcopress.com\/index.php\/wp-json\/wp\/v2\/tags?post=1251441"}],"curies":[{"name":"wp","href":"https:\/\/api.w.org\/{rel}","templated":true}]}}