{"id":1251447,"date":"2023-03-02T18:34:52","date_gmt":"2023-03-03T00:34:52","guid":{"rendered":"https:\/\/www.acapulcopress.com\/?p=1251447"},"modified":"2023-03-02T18:34:52","modified_gmt":"2023-03-03T00:34:52","slug":"desalojaron-pacificamente-a-45-invasores-del-parque-nacional-el-veladero","status":"publish","type":"post","link":"https:\/\/www.acapulcopress.com\/index.php\/2023\/03\/02\/desalojaron-pacificamente-a-45-invasores-del-parque-nacional-el-veladero\/","title":{"rendered":"Desalojaron pac\u00edficamente a 45 invasores del Parque Nacional \u00abEl Veladero\u00bb"},"content":{"rendered":"<p style=\"text-align: justify;\">CHILPANCINGO * 2 de marzo de 2023.<br \/>\n<em>) Gobierno de Guerrero<\/em><br \/>\n<img loading=\"lazy\" decoding=\"async\" class=\"alignleft size-medium wp-image-1251454\" src=\"https:\/\/www.acapulcopress.com\/wp-content\/uploads\/2023\/03\/El-Veladero-Acapulco6-375x281.jpg\" alt=\"\" width=\"375\" height=\"281\" \/>El Gobierno del Estado, a trav\u00e9s de la Secretar\u00eda General de Gobierno, con el apoyo de Sedena, Guardia Nacional, Polic\u00eda Estatal y municipal, as\u00ed como dependencias federales de Protecci\u00f3n al Medio Ambiente, realizaron el desalojo de forma pac\u00edfica a 45 invasores del Parque Nacional \u00abEl Veladero\u00bb, que se encontraban posicionados en la calle An\u00e1huac.<\/p>\n<p style=\"text-align: justify;\">La madrugada de este jueves, alrededor de 60 efectivos con equipo antimotin, apoyados con personal de la Sedena, Guardia Nacional, Semarnat, Profepa, Conanp y ecolog\u00eda municipal, con personal de Gobernaci\u00f3n del estado, realizaron esta acci\u00f3n sin inconvenientes.<\/p>\n<p style=\"text-align: justify;\">Los invasores hab\u00edan denominado el \u00e1rea como Bella Luna, y no opusieron resistencia a la acci\u00f3n de la justicia, por lo que se retir\u00f3 una lona con el texto de bienvenida a dicha <img loading=\"lazy\" decoding=\"async\" class=\"alignleft size-medium wp-image-1251452\" src=\"https:\/\/www.acapulcopress.com\/wp-content\/uploads\/2023\/03\/El-Veladero-Acapulco4-375x281.jpg\" alt=\"\" width=\"375\" height=\"281\" \/>\u00abcolonia\u00bb.<\/p>\n<p style=\"text-align: justify;\">El personal de seguridad de los tres niveles de gobierno mantiene en resguardo y vigilancia en el lugar por cualquier reacci\u00f3n posterior, con el compromiso de proteger esta \u00e1rea patrimonio natural de los guerrerenses\u00a0y\u00a0mexicanos.<\/p>\n<p><em>] Vis\u00edtanos en ) acapulcopres.com y S\u00edguenos en ) <a href=\"https:\/\/www.facebook.com\/acapulcopress.news\" target=\"_blank\" rel=\"noopener\">facebook.com\/acapulcopress.news<\/a><\/em><\/p>\n","protected":false},"excerpt":{"rendered":"<p>CHILPANCINGO * 2 de marzo de 2023. ) Gobierno de Guerrero El Gobierno del Estado, a trav\u00e9s de la Secretar\u00eda General de Gobierno, con el apoyo de Sedena, Guardia Nacional, Polic\u00eda Estatal y municipal, as\u00ed como dependencias federales de Protecci\u00f3n al Medio Ambiente, realizaron el desalojo de forma pac\u00edfica a 45 invasores del Parque Nacional&#8230;<\/p>\n","protected":false},"author":2,"featured_media":1251451,"comment_status":"closed","ping_status":"closed","sticky":false,"template":"","format":"standard","meta":{"footnotes":""},"categories":[1969],"tags":[6298,9532,14258,14988,16351,16462],"class_list":["post-1251447","post","type-post","status-publish","format-standard","has-post-thumbnail","hentry","category-trending","tag-conanp","tag-guardia-nacional","tag-parque-nacional-el-veladero-acapulco","tag-profepa","tag-sedena","tag-semarnat"],"_links":{"self":[{"href":"https:\/\/www.acapulcopress.com\/index.php\/wp-json\/wp\/v2\/posts\/1251447","targetHints":{"allow":["GET"]}}],"collection":[{"href":"https:\/\/www.acapulcopress.com\/index.php\/wp-json\/wp\/v2\/posts"}],"about":[{"href":"https:\/\/www.acapulcopress.com\/index.php\/wp-json\/wp\/v2\/types\/post"}],"author":[{"embeddable":true,"href":"https:\/\/www.acapulcopress.com\/index.php\/wp-json\/wp\/v2\/users\/2"}],"replies":[{"embeddable":true,"href":"https:\/\/www.acapulcopress.com\/index.php\/wp-json\/wp\/v2\/comments?post=1251447"}],"version-history":[{"count":0,"href":"https:\/\/www.acapulcopress.com\/index.php\/wp-json\/wp\/v2\/posts\/1251447\/revisions"}],"wp:featuredmedia":[{"embeddable":true,"href":"https:\/\/www.acapulcopress.com\/index.php\/wp-json\/"}],"wp:attachment":[{"href":"https:\/\/www.acapulcopress.com\/index.php\/wp-json\/wp\/v2\/media?parent=1251447"}],"wp:term":[{"taxonomy":"category","embeddable":true,"href":"https:\/\/www.acapulcopress.com\/index.php\/wp-json\/wp\/v2\/categories?post=1251447"},{"taxonomy":"post_tag","embeddable":true,"href":"https:\/\/www.acapulcopress.com\/index.php\/wp-json\/wp\/v2\/tags?post=1251447"}],"curies":[{"name":"wp","href":"https:\/\/api.w.org\/{rel}","templated":true}]}}