{"id":1251466,"date":"2023-03-02T20:23:07","date_gmt":"2023-03-03T02:23:07","guid":{"rendered":"https:\/\/www.acapulcopress.com\/?p=1251466"},"modified":"2023-03-02T20:23:07","modified_gmt":"2023-03-03T02:23:07","slug":"mi-pacto-con-el-pueblo-es-firme-nadie-ni-nadie-lo-va-romper-evelyn-salgado","status":"publish","type":"post","link":"https:\/\/www.acapulcopress.com\/index.php\/2023\/03\/02\/mi-pacto-con-el-pueblo-es-firme-nadie-ni-nadie-lo-va-romper-evelyn-salgado\/","title":{"rendered":"Mi pacto con el pueblo es firme; nadie ni nadie lo va romper | Evelyn Salgado"},"content":{"rendered":"<p style=\"text-align: justify;\">CHILPANCINGO * 2 de marzo de 2023.<br \/>\n<em>) Gobierno de Guerrero<br \/>\n<\/em> \u00abLa gobernadora tiene pacto con el pueblo, y ese pacto, nada ni nadie lo va a romper. Mi <img loading=\"lazy\" decoding=\"async\" class=\"alignleft size-medium wp-image-1251481\" src=\"https:\/\/www.acapulcopress.com\/wp-content\/uploads\/2023\/03\/grupoaca15-375x250.jpg\" alt=\"\" width=\"375\" height=\"250\" \/>compromiso est\u00e1 m\u00e1s firme que nunca con el pueblo de Guerrero; vamos a salir adelante, vamos a tener desarrollo, bienestar\u00bb, expres\u00f3 la gobernadora <a href=\"https:\/\/www.facebook.com\/EvelynSalgadoP\" target=\"_blank\" rel=\"noopener\">Evelyn Salgado Pineda<\/a> durante la ceremonia de toma de protesta del Consejo Directivo 2023 de la Asociaci\u00f3n Civil de Acapulco, mejor conocido como <a href=\"https:\/\/www.facebook.com\/GrupoAcaAC\" target=\"_blank\" rel=\"noopener\">Grupo ACA<\/a>.<\/p>\n<p style=\"text-align: justify;\">Ante los socios e invitados, la mandataria estatal resalt\u00f3 la importancia de los grupos de la sociedad civil organizada, quienes, con su participaci\u00f3n y sus ideas, contribuyen a lograr la pluralidad y el consenso, para construir un estado en mejores condiciones, siempre con respeto, apertura, participaci\u00f3n y la voluntad de querer cambiar las cosas. \u00abNo me queda duda de que van a salir grandes propuestas, vamos a llegar a grandes estrategias, con l\u00edneas de acci\u00f3n, bien <img loading=\"lazy\" decoding=\"async\" class=\"alignleft size-medium wp-image-1251472\" src=\"https:\/\/www.acapulcopress.com\/wp-content\/uploads\/2023\/03\/grupoaca6-375x250.jpg\" alt=\"\" width=\"375\" height=\"250\" \/>definidas, pero, sobre todo, yo celebro la gran participaci\u00f3n de este grupo\u00bb, a\u00f1adi\u00f3.<\/p>\n<p style=\"text-align: justify;\">En este mismo tenor, dijo que la transformaci\u00f3n de Guerrero necesita de la unidad, por lo que invit\u00f3 a todos a ser part\u00edcipes de esta transformaci\u00f3n conjunta, haciendo cada uno la parte que le corresponde en unidad y con el claro prop\u00f3sito de impulsar el verdadero desarrollo de Guerrero.<\/p>\n<p style=\"text-align: justify;\">\u00abLa gobernadora siempre es partidaria de la conciliaci\u00f3n, del di\u00e1logo, de la paz, de la fraternidad, del amor al pr\u00f3jimo. As\u00ed que nunca habr\u00e1 una confrontaci\u00f3n con ninguna persona, siempre vamos a estar en esta ruta del di\u00e1logo y la conciliaci\u00f3n, que siempre es el <img loading=\"lazy\" decoding=\"async\" class=\"alignleft size-medium wp-image-1251469\" src=\"https:\/\/www.acapulcopress.com\/wp-content\/uploads\/2023\/03\/grupoaca3-375x250.jpg\" alt=\"\" width=\"375\" height=\"250\" \/>mejor camino para la construcci\u00f3n de la paz, para el desarrollo y para el bienestar de nuestro estado\u00bb, se\u00f1al\u00f3.<\/p>\n<p style=\"text-align: justify;\">En este encuentro hizo un recuento de las acciones prioritarias que se han puesto en marcha en materia de Seguridad, combate a la corrupci\u00f3n, reconstrucci\u00f3n del tejido social, entre otros. Adem\u00e1s reafirm\u00f3 su compromiso para trabajar de forma coordinada y respetuosa con todos los municipios, para lograr generar m\u00e1s y mayor inversi\u00f3n en todos los rubros.<\/p>\n<p style=\"text-align: justify;\">Enseguida tom\u00f3 protesta a la mesa directiva para el 2023, que encabeza Rodrigo Reyes Rodr\u00edguez como presidente; como vicepresidenta a Digna Marroqu\u00edn; Luis Enrique Romero, secretario; Roc\u00edo Alarc\u00f3n, tesorera; Allan Alba como vocal; Humberto Rivera, encargado de <img loading=\"lazy\" decoding=\"async\" class=\"alignleft size-medium wp-image-1251471\" src=\"https:\/\/www.acapulcopress.com\/wp-content\/uploads\/2023\/03\/grupoaca5-375x250.jpg\" alt=\"\" width=\"375\" height=\"250\" \/>Comunicaci\u00f3n Social, as\u00ed como a Karina Valencia, quien ser\u00e1 responsable de Redes Sociales.<\/p>\n<p style=\"text-align: justify;\">Durante su participaci\u00f3n, el presidente del Grupo ACA coincidi\u00f3 al se\u00f1alar que la coordinaci\u00f3n entre la sociedad civil y gobierno es fundamental para lograr los objetivos en favor de la poblaci\u00f3n. \u00abQueremos que Guerrero sea mejor, que salga de sus problemas, que avance, que se desarrolle, que sea mejor para nosotros, pero sobre todo para nuestros hijos\u00bb, puntualiz\u00f3.<\/p>\n<p style=\"text-align: justify;\">Asistieron el Presidente del Tribunal Superior de Justicia del Estado, <a href=\"https:\/\/www.facebook.com\/profile.php?id=100077968715353\" target=\"_blank\" rel=\"noopener\">Raymundo Casarrubias V\u00e1zquez<\/a>; la presidenta de la Mesa Directiva del Congreso Local, <a href=\"https:\/\/www.facebook.com\/profile.php?id=100076222897427\" target=\"_blank\" rel=\"noopener\">Yanelly Hern\u00e1ndez Mart\u00ednez<\/a>; el comandante de la D\u00e9cima Segunda Regi\u00f3n Naval, Julio C\u00e9sar Pescina \u00c1vila,, y el representante de la Novena Regi\u00f3n Militar, Luis \u00c1ngel Santos.<\/p>\n<p><em>] Vis\u00edtanos en ) acapulcopres.com y S\u00edguenos en ) <a href=\"https:\/\/www.facebook.com\/acapulcopress.news\" target=\"_blank\" rel=\"noopener\">facebook.com\/acapulcopress.news<\/a><\/em><\/p>\n","protected":false},"excerpt":{"rendered":"<p>CHILPANCINGO * 2 de marzo de 2023. ) Gobierno de Guerrero \u00abLa gobernadora tiene pacto con el pueblo, y ese pacto, nada ni nadie lo va a romper. Mi compromiso est\u00e1 m\u00e1s firme que nunca con el pueblo de Guerrero; vamos a salir adelante, vamos a tener desarrollo, bienestar\u00bb, expres\u00f3 la gobernadora Evelyn Salgado Pineda&#8230;<\/p>\n","protected":false},"author":2,"featured_media":1251474,"comment_status":"closed","ping_status":"closed","sticky":false,"template":"","format":"standard","meta":{"footnotes":""},"categories":[1983,18561],"tags":[8251,9302,9417],"class_list":["post-1251466","post","type-post","status-publish","format-standard","has-post-thumbnail","hentry","category-guerrerogob","category-society-politics","tag-evelyn-salgado-pineda","tag-gobierno-de-guerrero","tag-grupo-aca"],"_links":{"self":[{"href":"https:\/\/www.acapulcopress.com\/index.php\/wp-json\/wp\/v2\/posts\/1251466","targetHints":{"allow":["GET"]}}],"collection":[{"href":"https:\/\/www.acapulcopress.com\/index.php\/wp-json\/wp\/v2\/posts"}],"about":[{"href":"https:\/\/www.acapulcopress.com\/index.php\/wp-json\/wp\/v2\/types\/post"}],"author":[{"embeddable":true,"href":"https:\/\/www.acapulcopress.com\/index.php\/wp-json\/wp\/v2\/users\/2"}],"replies":[{"embeddable":true,"href":"https:\/\/www.acapulcopress.com\/index.php\/wp-json\/wp\/v2\/comments?post=1251466"}],"version-history":[{"count":0,"href":"https:\/\/www.acapulcopress.com\/index.php\/wp-json\/wp\/v2\/posts\/1251466\/revisions"}],"wp:featuredmedia":[{"embeddable":true,"href":"https:\/\/www.acapulcopress.com\/index.php\/wp-json\/"}],"wp:attachment":[{"href":"https:\/\/www.acapulcopress.com\/index.php\/wp-json\/wp\/v2\/media?parent=1251466"}],"wp:term":[{"taxonomy":"category","embeddable":true,"href":"https:\/\/www.acapulcopress.com\/index.php\/wp-json\/wp\/v2\/categories?post=1251466"},{"taxonomy":"post_tag","embeddable":true,"href":"https:\/\/www.acapulcopress.com\/index.php\/wp-json\/wp\/v2\/tags?post=1251466"}],"curies":[{"name":"wp","href":"https:\/\/api.w.org\/{rel}","templated":true}]}}