{"id":1251486,"date":"2023-03-02T20:53:14","date_gmt":"2023-03-03T02:53:14","guid":{"rendered":"https:\/\/www.acapulcopress.com\/?p=1251486"},"modified":"2023-03-02T20:53:14","modified_gmt":"2023-03-03T02:53:14","slug":"capturan-a-cinco-policias-de-la-ssc-vinculados-al-secuestro-expres","status":"publish","type":"post","link":"https:\/\/www.acapulcopress.com\/index.php\/2023\/03\/02\/capturan-a-cinco-policias-de-la-ssc-vinculados-al-secuestro-expres\/","title":{"rendered":"Capturan a cinco polic\u00edas de la SSC vinculados al secuestro expr\u00e9s"},"content":{"rendered":"<p style=\"text-align: justify;\">CIUDAD DE M\u00c9XICO * 2 de marzo de 2023.<br \/>\n<a href=\"https:\/\/www.proceso.com.mx\/nacional\/2023\/3\/2\/caen-cinco-policias-de-la-ssc-vinculados-secuestro-expres-no-habra-impunidad-garcia-harfuch-303012.html\" target=\"_blank\" rel=\"noopener\"><em>) Apro<\/em><\/a><br \/>\nElementos de la Polic\u00eda de Investigaci\u00f3n (PDI) detuvieron a cinco polic\u00edas en activo \u2013cuatro hombres y una mujer- adscritos a la Secretar\u00eda de Seguridad Ciudadana (SSC) acusados del delito de privaci\u00f3n ilegal de la libertad, en la modalidad de secuestro expr\u00e9s.<\/p>\n<p style=\"text-align: justify;\">Los elementos identificados como Norberto \u201cN\u201d, Rub\u00e9n \u201cN\u201d, Jorge Alberto \u201cN\u201d, Ernesto \u201cN\u201d y Dulce \u201cN\u201d, est\u00e1n relacionados con un secuestro expr\u00e9s de una persona, ocurrido el 6 de abril de 2022.<\/p>\n<p style=\"text-align: justify;\">La v\u00edctima, un hombre, caminaba sobre la calle Cleveland de la colonia N\u00e1poles, alcald\u00eda Benito Ju\u00e1rez, cuando lo subieron a una patrulla para golpearlo, lo amagaron con una pistola y lo despojaron de dinero en efectivo.<\/p>\n<p style=\"text-align: justify;\">Este jueves, la Fiscal\u00eda General de Justicia de la Ciudad de M\u00e9xico (FGJCDMX) inform\u00f3 que detectives de la PDI cumplimentaron las \u00f3rdenes de aprehensi\u00f3n en contra de cinco agentes de la SSC vinculados con el secuestro expr\u00e9s.<\/p>\n<p style=\"text-align: justify;\">Las detenciones fueron ejecutadas por agentes adscritos a la Fiscal\u00eda de Investigaci\u00f3n de Delitos cometidos por Servidores P\u00fablicos, en la colaboraci\u00f3n con personal de Asuntos Internos de la SSC, a cargo de Omar Garc\u00eda Harfuch. Los elementos en activo fueron detenidos en las instalaciones de la instituci\u00f3n, en la colonia Ju\u00e1rez, en la alcald\u00eda Cuauht\u00e9moc.<\/p>\n<p style=\"text-align: justify;\">Los cuatro hombres aprehendidos fueron trasladados al Reclusorio Preventivo Varonil Norte, mientras que la mujer fue enviada al Centro de Reinserci\u00f3n Social Santa Martha Acatitla, donde quedaron a disposici\u00f3n de la autoridad judicial que les requiri\u00f3.<\/p>\n<p style=\"text-align: justify;\">Garc\u00eda Harfuch confirm\u00f3 la captura de sus elementos \u201cpor delitos graves\u201d y afirm\u00f3 que en la dependencia a su cargo \u201cno habr\u00e1 tolerancia ni impunidad para delincuentes que lastimen a la sociedad\u201d.<\/p>\n<p><em>] Vis\u00edtanos en ) acapulcopres.com y S\u00edguenos en ) <a href=\"https:\/\/www.facebook.com\/acapulcopress.news\" target=\"_blank\" rel=\"noopener\">facebook.com\/acapulcopress.news<\/a><\/em><\/p>\n","protected":false},"excerpt":{"rendered":"<p>CIUDAD DE M\u00c9XICO * 2 de marzo de 2023. ) Apro Elementos de la Polic\u00eda de Investigaci\u00f3n (PDI) detuvieron a cinco polic\u00edas en activo \u2013cuatro hombres y una mujer- adscritos a la Secretar\u00eda de Seguridad Ciudadana (SSC) acusados del delito de privaci\u00f3n ilegal de la libertad, en la modalidad de secuestro expr\u00e9s. Los elementos identificados&#8230;<\/p>\n","protected":false},"author":2,"featured_media":1251487,"comment_status":"closed","ping_status":"closed","sticky":false,"template":"","format":"standard","meta":{"footnotes":""},"categories":[1969,2005],"tags":[8686,13940,16256],"class_list":["post-1251486","post","type-post","status-publish","format-standard","has-post-thumbnail","hentry","category-trending","category-seguridad-y-justicia","tag-fiscalia-general-de-justicia-de-la-ciudad-de-mexico-fgjcdmx","tag-omar-garcia-harfuch","tag-secretaria-de-seguridad-ciudadana-ssc"],"_links":{"self":[{"href":"https:\/\/www.acapulcopress.com\/index.php\/wp-json\/wp\/v2\/posts\/1251486","targetHints":{"allow":["GET"]}}],"collection":[{"href":"https:\/\/www.acapulcopress.com\/index.php\/wp-json\/wp\/v2\/posts"}],"about":[{"href":"https:\/\/www.acapulcopress.com\/index.php\/wp-json\/wp\/v2\/types\/post"}],"author":[{"embeddable":true,"href":"https:\/\/www.acapulcopress.com\/index.php\/wp-json\/wp\/v2\/users\/2"}],"replies":[{"embeddable":true,"href":"https:\/\/www.acapulcopress.com\/index.php\/wp-json\/wp\/v2\/comments?post=1251486"}],"version-history":[{"count":0,"href":"https:\/\/www.acapulcopress.com\/index.php\/wp-json\/wp\/v2\/posts\/1251486\/revisions"}],"wp:featuredmedia":[{"embeddable":true,"href":"https:\/\/www.acapulcopress.com\/index.php\/wp-json\/"}],"wp:attachment":[{"href":"https:\/\/www.acapulcopress.com\/index.php\/wp-json\/wp\/v2\/media?parent=1251486"}],"wp:term":[{"taxonomy":"category","embeddable":true,"href":"https:\/\/www.acapulcopress.com\/index.php\/wp-json\/wp\/v2\/categories?post=1251486"},{"taxonomy":"post_tag","embeddable":true,"href":"https:\/\/www.acapulcopress.com\/index.php\/wp-json\/wp\/v2\/tags?post=1251486"}],"curies":[{"name":"wp","href":"https:\/\/api.w.org\/{rel}","templated":true}]}}