{"id":1251522,"date":"2023-03-03T20:49:36","date_gmt":"2023-03-04T02:49:36","guid":{"rendered":"https:\/\/www.acapulcopress.com\/?p=1251522"},"modified":"2023-03-03T20:49:36","modified_gmt":"2023-03-04T02:49:36","slug":"termino-planton-y-bloqueo-al-congreso-del-estado","status":"publish","type":"post","link":"https:\/\/www.acapulcopress.com\/index.php\/2023\/03\/03\/termino-planton-y-bloqueo-al-congreso-del-estado\/","title":{"rendered":"Termin\u00f3 plant\u00f3n y bloqueo al Congreso del Estado"},"content":{"rendered":"<p style=\"text-align: justify;\">CHILPANCINGO * 3 de marzo de 2023.<br \/>\n) Congreso de Guerrero<br \/>\n<img loading=\"lazy\" decoding=\"async\" class=\"alignleft size-medium wp-image-1251524\" src=\"https:\/\/www.acapulcopress.com\/wp-content\/uploads\/2023\/03\/bloque-congreso2-375x169.jpeg\" alt=\"\" width=\"375\" height=\"169\" \/>Integrantes del <a href=\"https:\/\/www.facebook.com\/profile.php?id=100076237486863\" target=\"_blank\" rel=\"noopener\">Sindicato de Trabajadores del Congreso del Estado \u00abSentimientos de la Naci\u00f3n\u00bb<\/a> levantaron el plant\u00f3n y bloqueo a las instalaciones del <a href=\"https:\/\/www.facebook.com\/congresogro\" target=\"_blank\" rel=\"noopener\">Congreso del Estado<\/a> que sostuvieron durante siete d\u00edas, tras ser notificados, mediante escrito, de la ilegalidad del paro por parte del Tribunal de Conciliaci\u00f3n y Arbitraje.<\/p>\n<p style=\"text-align: justify;\">Lo anterior ocurri\u00f3 hacia las 19:00 horas de este viernes en el acceso al recinto legislativo, ubicado en la avenida Tr\u00e9bol Sur Sentimientos de la Naci\u00f3n, de esta ciudad capital, donde trabajadores y trabajadores del citado sindicato se manten\u00edan tambi\u00e9n bloqueando las arterias viales, en demanda de la reinstalaci\u00f3n de dos de sus agremiados cuyo contrato <img loading=\"lazy\" decoding=\"async\" class=\"alignleft size-medium wp-image-1251527\" src=\"https:\/\/www.acapulcopress.com\/wp-content\/uploads\/2023\/03\/bloque-congreso7-375x211.jpeg\" alt=\"\" width=\"375\" height=\"211\" \/>laboral fue rescindido.<\/p>\n<p style=\"text-align: justify;\">Fue el secretario de Servicios Financieros y Administrativos, Andr\u00e9s Rosendo Orozco Pintos, quien hizo entrega personal de la resoluci\u00f3n de tribunal al secretario general del citado sindicato, Fernando Mart\u00ednez Rom\u00e1n, quien de inmediato notific\u00f3 a los paristas, procediendo estos al retiro del plant\u00f3n.<\/p>\n<p style=\"text-align: justify;\">El acuerdo para liberar las instalaciones del Poder Legislativo y las calles adyacentes fue a partir de la notificaci\u00f3n del acuerdo del tribunal, que determin\u00f3 que estaba impedido de intervenir en el conflicto por el incumplimiento de diversos procedimientos legales, entre ellos la inexistencia de un emplazamiento a huelga por parte del sindicato referido, ni sus <img loading=\"lazy\" decoding=\"async\" class=\"alignleft size-medium wp-image-1251529\" src=\"https:\/\/www.acapulcopress.com\/wp-content\/uploads\/2023\/03\/bloque-congreso9-375x211.jpeg\" alt=\"\" width=\"375\" height=\"211\" \/>prop\u00f3sitos.<\/p>\n<p style=\"text-align: justify;\">Firmaron este acuerdo que dio fe de la ilegalidad de la toma del Congreso, la maestra Miriam Cort\u00e9s Cisneros, presidenta del Tribunal de Conciliaci\u00f3n y Arbitraje; Ethel Araceli Alem\u00e1n Aponte, representante del Gobierno del Estado; Esteban Hern\u00e1ndez Arellano, representante de los Trabajadores al Servicio del Estado, y Mar\u00eda Natividad Bautista Linares, secretaria general de Acuerdos del citado tribunal.<\/p>\n<p style=\"text-align: justify;\">Resuelto el procedimiento legal de notificaci\u00f3n, el encargado del \u00d3rgano Interno de Control del Congreso, Ederlit Oyorz\u00e1bal D\u00edaz, junto al asesor jur\u00eddico Marco Antonio Alcocer, ingres\u00f3 para verificar el correcto estado de las instalaciones.<\/p>\n<p><em>] Vis\u00edtanos en ) acapulcopres.com y S\u00edguenos en ) <a href=\"https:\/\/www.facebook.com\/acapulcopress.news\" target=\"_blank\" rel=\"noopener\">facebook.com\/acapulcopress.news<\/a><\/em><\/p>\n","protected":false},"excerpt":{"rendered":"<p>CHILPANCINGO * 3 de marzo de 2023. ) Congreso de Guerrero Integrantes del Sindicato de Trabajadores del Congreso del Estado \u00abSentimientos de la Naci\u00f3n\u00bb levantaron el plant\u00f3n y bloqueo a las instalaciones del Congreso del Estado que sostuvieron durante siete d\u00edas, tras ser notificados, mediante escrito, de la ilegalidad del paro por parte del Tribunal&#8230;<\/p>\n","protected":false},"author":2,"featured_media":1251530,"comment_status":"closed","ping_status":"closed","sticky":false,"template":"","format":"standard","meta":{"footnotes":""},"categories":[1972,61,18561],"tags":[6370,16649],"class_list":["post-1251522","post","type-post","status-publish","format-standard","has-post-thumbnail","hentry","category-special","category-legislacion","category-society-politics","tag-congreso-de-guerrero","tag-sindicato-de-trabajadores-del-congreso-del-estado-sentimientos-de-la-nacion"],"_links":{"self":[{"href":"https:\/\/www.acapulcopress.com\/index.php\/wp-json\/wp\/v2\/posts\/1251522","targetHints":{"allow":["GET"]}}],"collection":[{"href":"https:\/\/www.acapulcopress.com\/index.php\/wp-json\/wp\/v2\/posts"}],"about":[{"href":"https:\/\/www.acapulcopress.com\/index.php\/wp-json\/wp\/v2\/types\/post"}],"author":[{"embeddable":true,"href":"https:\/\/www.acapulcopress.com\/index.php\/wp-json\/wp\/v2\/users\/2"}],"replies":[{"embeddable":true,"href":"https:\/\/www.acapulcopress.com\/index.php\/wp-json\/wp\/v2\/comments?post=1251522"}],"version-history":[{"count":0,"href":"https:\/\/www.acapulcopress.com\/index.php\/wp-json\/wp\/v2\/posts\/1251522\/revisions"}],"wp:featuredmedia":[{"embeddable":true,"href":"https:\/\/www.acapulcopress.com\/index.php\/wp-json\/"}],"wp:attachment":[{"href":"https:\/\/www.acapulcopress.com\/index.php\/wp-json\/wp\/v2\/media?parent=1251522"}],"wp:term":[{"taxonomy":"category","embeddable":true,"href":"https:\/\/www.acapulcopress.com\/index.php\/wp-json\/wp\/v2\/categories?post=1251522"},{"taxonomy":"post_tag","embeddable":true,"href":"https:\/\/www.acapulcopress.com\/index.php\/wp-json\/wp\/v2\/tags?post=1251522"}],"curies":[{"name":"wp","href":"https:\/\/api.w.org\/{rel}","templated":true}]}}