{"id":1251550,"date":"2023-03-05T08:33:06","date_gmt":"2023-03-05T14:33:06","guid":{"rendered":"https:\/\/www.acapulcopress.com\/?p=1251550"},"modified":"2023-03-05T08:33:06","modified_gmt":"2023-03-05T14:33:06","slug":"en-mes-y-medio-seran-designados-nuevos-funcionarios-del-itaigro-informa-jucopo","status":"publish","type":"post","link":"https:\/\/www.acapulcopress.com\/index.php\/2023\/03\/05\/en-mes-y-medio-seran-designados-nuevos-funcionarios-del-itaigro-informa-jucopo\/","title":{"rendered":"En mes y medio ser\u00e1n designados nuevos funcionarios del ITAIGro, informa  Jucopo"},"content":{"rendered":"<p style=\"text-align: justify;\">CHILPANCINGO * 5 de marzo de 2023.<br \/>\n<em>) Congreso de Guerrero<\/em><br \/>\nEn un plazo de mes y medio el <a href=\"https:\/\/www.facebook.com\/congresogro\" target=\"_blank\" rel=\"noopener\">Congreso del Estado<\/a> estar\u00e1 designando a las y los titulares de los \u00f3rganos internos de Control de distintas dependencias estatales, de un integrante del Consejo de la Judicatura y una comisionada y un comisionado del Instituto de Transparencia, Acceso a la Informaci\u00f3n y Protecci\u00f3n de Datos Personales (ITAIGro).<\/p>\n<p style=\"text-align: justify;\">As\u00ed lo inform\u00f3 la diputada <a href=\"https:\/\/www.facebook.com\/YoloczinDominguez\" target=\"_blank\" rel=\"noopener\">Yoloczin Dom\u00ednguez Serna<\/a>, presidenta de la Junta de <img loading=\"lazy\" decoding=\"async\" class=\"alignleft size-medium wp-image-1251552\" src=\"https:\/\/www.acapulcopress.com\/wp-content\/uploads\/2023\/03\/yoloczin-dominguez-375x245.jpeg\" alt=\"\" width=\"375\" height=\"245\" \/>Coordinaci\u00f3n Pol\u00edtica (Jucopo), precisando que el pasado 23 de febrero el Pleno del Congreso aprob\u00f3 por unanimidad los acuerdos para dejar sin efecto los procesos de selecci\u00f3n y designaci\u00f3n de titulares de los \u00f3rganos internos del ITAIGro, de la Comisi\u00f3n de Derechos Humanos, de la Fiscal\u00eda General del Estado, del Tribunal de Justicia Administrativa, del Instituto Electoral y de Participaci\u00f3n Ciudadana y del Poder Legislativo, todos del estado de Guerrero, para emitirse nuevas convocatorias abiertas que estar\u00e1n vigentes hasta el martes 7 de marzo.<\/p>\n<p style=\"text-align: justify;\">En entrevista, la diputada refiri\u00f3 que es de suma importancia el desahogo de este asunto que est\u00e1 pendiente desde la legislatura pasada, cuyo avance es gracias al di\u00e1logo y entendimiento que hay entre las y los integrantes de la Jucopo.<\/p>\n<p style=\"text-align: justify;\">Explic\u00f3 que tras el cierre de las convocatorias, la Jucopo junto a las comisiones de Vigilancia y Evaluaci\u00f3n de la Auditor\u00eda Superior del Estado y de Transparencia y Anticorrupci\u00f3n llevar\u00e1n a cabo la revisi\u00f3n exhaustiva de la documentaci\u00f3n de las y los aspirantes, a efecto de designar a las personas id\u00f3neas.<\/p>\n<p style=\"text-align: justify;\">Dom\u00ednguez Serna se\u00f1al\u00f3 tambi\u00e9n que las y los diputados est\u00e1n satisfechos por los avances que se ha dado en otros asuntos prioritarios y de relevancia para Guerrero, como la integraci\u00f3n de los ayuntamientos instituyentes de los nuevos municipios; las consultas a los pueblos y comunidades afromexicanas, con el debido env\u00edo de informaci\u00f3n a la Suprema Corte de Justicia de la Naci\u00f3n para evitar alg\u00fan tipo de sanci\u00f3n.<\/p>\n<p style=\"text-align: justify;\">Abund\u00f3 que la din\u00e1mica de di\u00e1logo y consenso que mantiene la LXIII Legislatura ha permitido tambi\u00e9n desahogar m\u00faltiples asuntos al interior de las comisiones ordinarias y la Jucopo, donde hab\u00eda m\u00e1s de mil 600 turnos congelados.<\/p>\n<p style=\"text-align: justify;\">Sobre las manifestaciones que se han dado en el Congreso, la diputada resalt\u00f3 que el di\u00e1logo ha sido constante y permanente con las y los trabajadores. \u201cSiempre ha habido una pol\u00edtica de puertas abiertas y disposici\u00f3n al di\u00e1logo respetuoso con todas y todos los trabajadores, sin distinci\u00f3n\u201d, apunt\u00f3.<\/p>\n<p style=\"text-align: justify;\"><em>] Vis\u00edtanos en ) acapulcopres.com y S\u00edguenos en ) <a href=\"https:\/\/www.facebook.com\/acapulcopress.news\" target=\"_blank\" rel=\"noopener\">facebook.com\/acapulcopress.news<\/a><\/em><\/p>\n","protected":false},"excerpt":{"rendered":"<p>CHILPANCINGO * 5 de marzo de 2023. ) Congreso de Guerrero En un plazo de mes y medio el Congreso del Estado estar\u00e1 designando a las y los titulares de los \u00f3rganos internos de Control de distintas dependencias estatales, de un integrante del Consejo de la Judicatura y una comisionada y un comisionado del Instituto&#8230;<\/p>\n","protected":false},"author":2,"featured_media":1251551,"comment_status":"closed","ping_status":"closed","sticky":false,"template":"","format":"standard","meta":{"footnotes":""},"categories":[61,18561],"tags":[10227],"class_list":["post-1251550","post","type-post","status-publish","format-standard","has-post-thumbnail","hentry","category-legislacion","category-society-politics","tag-instituto-de-transparencia-acceso-a-la-informacion-y-proteccion-de-datos-personales-itaigro"],"_links":{"self":[{"href":"https:\/\/www.acapulcopress.com\/index.php\/wp-json\/wp\/v2\/posts\/1251550","targetHints":{"allow":["GET"]}}],"collection":[{"href":"https:\/\/www.acapulcopress.com\/index.php\/wp-json\/wp\/v2\/posts"}],"about":[{"href":"https:\/\/www.acapulcopress.com\/index.php\/wp-json\/wp\/v2\/types\/post"}],"author":[{"embeddable":true,"href":"https:\/\/www.acapulcopress.com\/index.php\/wp-json\/wp\/v2\/users\/2"}],"replies":[{"embeddable":true,"href":"https:\/\/www.acapulcopress.com\/index.php\/wp-json\/wp\/v2\/comments?post=1251550"}],"version-history":[{"count":0,"href":"https:\/\/www.acapulcopress.com\/index.php\/wp-json\/wp\/v2\/posts\/1251550\/revisions"}],"wp:featuredmedia":[{"embeddable":true,"href":"https:\/\/www.acapulcopress.com\/index.php\/wp-json\/"}],"wp:attachment":[{"href":"https:\/\/www.acapulcopress.com\/index.php\/wp-json\/wp\/v2\/media?parent=1251550"}],"wp:term":[{"taxonomy":"category","embeddable":true,"href":"https:\/\/www.acapulcopress.com\/index.php\/wp-json\/wp\/v2\/categories?post=1251550"},{"taxonomy":"post_tag","embeddable":true,"href":"https:\/\/www.acapulcopress.com\/index.php\/wp-json\/wp\/v2\/tags?post=1251550"}],"curies":[{"name":"wp","href":"https:\/\/api.w.org\/{rel}","templated":true}]}}