{"id":1251557,"date":"2023-03-06T14:44:15","date_gmt":"2023-03-06T20:44:15","guid":{"rendered":"https:\/\/www.acapulcopress.com\/?p=1251557"},"modified":"2023-03-06T14:44:15","modified_gmt":"2023-03-06T20:44:15","slug":"mi-pacto-es-con-el-pueblo-no-con-grupos-fuera-de-la-ley-evelyn-salgado","status":"publish","type":"post","link":"https:\/\/www.acapulcopress.com\/index.php\/2023\/03\/06\/mi-pacto-es-con-el-pueblo-no-con-grupos-fuera-de-la-ley-evelyn-salgado\/","title":{"rendered":"Mi pacto es con el pueblo, no con grupos fuera de la ley | Evelyn Salgado"},"content":{"rendered":"<p style=\"text-align: justify;\">CHILPANCINGO * 6 de marzo de 2023.<br \/>\n<em>) Gobierno de Guerrero<\/em><br \/>\n<img loading=\"lazy\" decoding=\"async\" class=\"alignleft size-medium wp-image-1251563\" src=\"https:\/\/www.acapulcopress.com\/wp-content\/uploads\/2023\/03\/VELYN.PACTO6_-375x562.jpg\" alt=\"\" width=\"375\" height=\"562\" \/>La gobernadora <a href=\"https:\/\/www.facebook.com\/EvelynSalgadoP\" target=\"_blank\" rel=\"noopener\">Evelyn Salgado Pineda<\/a> reiter\u00f3 que tiene un gran pacto, pero con el pueblo y no con grupos que est\u00e1n fuera de la ley, por lo que seguir\u00e1 trabajando de la mano de la gente desde el territorio, m\u00e1s que en el escritorio, por la transformaci\u00f3n del estado para sacarlo del abandono hist\u00f3rico y hacer de la transformaci\u00f3n una realidad en Guerrero con justicia y bienestar para todos.<\/p>\n<p style=\"text-align: justify;\">Al presidir la ceremonia mensual de homenaje e izamiento de Bandera Nacional, la mandataria estatal puntualiz\u00f3 que su compromiso es con las y los guerrerenses, pues sostuvo que, \u00abcon el pueblo de Guerrero todo y sin el pueblo de Guerrero nada\u00bb, por lo que seguir\u00e1 trabajando todos los d\u00edas con los pueblos originarios ind\u00edgenas y afromexicanos.<\/p>\n<p style=\"text-align: justify;\">\u00abSomos un gobierno de puertas abiertas, de transparencia y rendici\u00f3n de cuentas. Quiero pedirles a todos que mantengamos esa alegr\u00eda de servir al pueblo, porque estamos aqu\u00ed para servir a nuestro pueblo con la absoluta convicci\u00f3n de que nuestro actuar signifique un cambio en la vida para las y los guerrerenses\u00bb, asever\u00f3 la mandataria estatal.<\/p>\n<p style=\"text-align: justify;\">Al pie del asta y el l\u00e1baro patrio monumental desde la <em>Casa del Pueblo<\/em>, la gobernadora <img loading=\"lazy\" decoding=\"async\" class=\"alignleft size-medium wp-image-1251564\" src=\"https:\/\/www.acapulcopress.com\/wp-content\/uploads\/2023\/03\/VELYN.PACTO7_-375x250.jpg\" alt=\"\" width=\"375\" height=\"250\" \/>Evelyn Salgado llam\u00f3 a funcionarios y servidores p\u00fablicos del estado, as\u00ed como a las fuerzas civiles y militares, as\u00ed como a todas y todos los ciudadanos a seguir trabajando por la transformaci\u00f3n del estado.<\/p>\n<p style=\"text-align: justify;\">Al inicio de este mes, Evelyn Salgado record\u00f3 que entre las fechas importantes a conmemorar est\u00e1 el D\u00eda Internacional de la Mujer en el marco de la lucha por la igualdad, el respeto y la erradicaci\u00f3n de toda forma de violencia hacia las mujeres con el compromiso irrenunciable de convertir al estado en un santuario para todas las mujeres, sin violencia, con igualdad y respeto irrestricto por los derechos humanos.<\/p>\n<p style=\"text-align: justify;\">En esta ceremonia c\u00edvica a la que asistieron la presidenta de la Mesa Directiva del Congreso del Estado, <a href=\"https:\/\/www.facebook.com\/profile.php?id=100076222897427\" target=\"_blank\" rel=\"noopener\">Yanelly Hern\u00e1ndez Mart\u00ednez<\/a>; el Presidente del Tribunal Superior de Justicia, <a href=\"https:\/\/www.facebook.com\/profile.php?id=100077968715353\" target=\"_blank\" rel=\"noopener\"><img loading=\"lazy\" decoding=\"async\" class=\"alignleft size-medium wp-image-1251565\" src=\"https:\/\/www.acapulcopress.com\/wp-content\/uploads\/2023\/03\/VELYN.PACTO8_-375x250.jpg\" alt=\"\" width=\"375\" height=\"250\" \/>Raymundo Casarrubias V\u00e1zquez<\/a>; el Comandante de la D\u00e9cima Segunda Regi\u00f3n Naval, Julio C\u00e9sar Pescina \u00c1vila; el Senador<a href=\"https:\/\/www.facebook.com\/FelixSalgadoMX\" target=\"_blank\" rel=\"noopener\"> F\u00e9lix Salgado Macedonio<\/a>; la Presidenta de la Junta de Coordinaci\u00f3n Pol\u00edtica, <a href=\"https:\/\/www.facebook.com\/YoloczinDominguez\" target=\"_blank\" rel=\"noopener\">Yoloczin Dom\u00ednguez Serna<\/a>; el Comandante de la 35 Zona Militar, Enrique Mart\u00ednez L\u00f3pez; la Presidenta del Sistema DIF Guerrero, <a href=\"https:\/\/www.facebook.com\/LizSalgadoP\" target=\"_blank\" rel=\"noopener\">Liz Salgado Pineda<\/a>, entre otras personalidades guerrerenses,particip\u00f3 la banda de m\u00fasica de la Novena Regi\u00f3n Militar, as\u00ed como elementos de la Guardia Nacional y de la 35 Zona Militar de la Sedena, as\u00ed como la participaci\u00f3n del ballet folcl\u00f3rico con la presentaci\u00f3n del baile \u00abLa tierra del tlacolorero\u00bb.<\/p>\n<p><code><iframe loading=\"lazy\" style=\"border: none; overflow: hidden;\" src=\"https:\/\/www.facebook.com\/plugins\/video.php?height=314&amp;href=https%3A%2F%2Fwww.facebook.com%2Fangel.steparious%2Fvideos%2F720708926209771%2F&amp;show_text=true&amp;width=560&amp;t=0\" width=\"560\" height=\"429\" frameborder=\"0\" scrolling=\"no\" allowfullscreen=\"allowfullscreen\"><\/iframe><\/code><\/p>\n<p><em>] Vis\u00edtanos en ) acapulcopres.com y S\u00edguenos en ) facebook.com\/<a href=\"https:\/\/www.facebook.com\/acapulcopress.news\" target=\"_blank\" rel=\"noopener\">acapulcopress.news<\/a><\/em><\/p>\n","protected":false},"excerpt":{"rendered":"<p>CHILPANCINGO * 6 de marzo de 2023. ) Gobierno de Guerrero La gobernadora Evelyn Salgado Pineda reiter\u00f3 que tiene un gran pacto, pero con el pueblo y no con grupos que est\u00e1n fuera de la ley, por lo que seguir\u00e1 trabajando de la mano de la gente desde el territorio, m\u00e1s que en el escritorio,&#8230;<\/p>\n","protected":false},"author":2,"featured_media":1251558,"comment_status":"closed","ping_status":"closed","sticky":false,"template":"","format":"standard","meta":{"footnotes":""},"categories":[1972,1983,18561],"tags":[8251,8465,9302,12009,15320,18212,18260],"class_list":["post-1251557","post","type-post","status-publish","format-standard","has-post-thumbnail","hentry","category-special","category-guerrerogob","category-society-politics","tag-evelyn-salgado-pineda","tag-felix-salgado-macedionio","tag-gobierno-de-guerrero","tag-liz-adriana-salgado-pineda","tag-raymundo-casarrubias-vazquez","tag-yanelly-hernandez-martinez","tag-yoloczin-dominguez-serna"],"_links":{"self":[{"href":"https:\/\/www.acapulcopress.com\/index.php\/wp-json\/wp\/v2\/posts\/1251557","targetHints":{"allow":["GET"]}}],"collection":[{"href":"https:\/\/www.acapulcopress.com\/index.php\/wp-json\/wp\/v2\/posts"}],"about":[{"href":"https:\/\/www.acapulcopress.com\/index.php\/wp-json\/wp\/v2\/types\/post"}],"author":[{"embeddable":true,"href":"https:\/\/www.acapulcopress.com\/index.php\/wp-json\/wp\/v2\/users\/2"}],"replies":[{"embeddable":true,"href":"https:\/\/www.acapulcopress.com\/index.php\/wp-json\/wp\/v2\/comments?post=1251557"}],"version-history":[{"count":0,"href":"https:\/\/www.acapulcopress.com\/index.php\/wp-json\/wp\/v2\/posts\/1251557\/revisions"}],"wp:featuredmedia":[{"embeddable":true,"href":"https:\/\/www.acapulcopress.com\/index.php\/wp-json\/"}],"wp:attachment":[{"href":"https:\/\/www.acapulcopress.com\/index.php\/wp-json\/wp\/v2\/media?parent=1251557"}],"wp:term":[{"taxonomy":"category","embeddable":true,"href":"https:\/\/www.acapulcopress.com\/index.php\/wp-json\/wp\/v2\/categories?post=1251557"},{"taxonomy":"post_tag","embeddable":true,"href":"https:\/\/www.acapulcopress.com\/index.php\/wp-json\/wp\/v2\/tags?post=1251557"}],"curies":[{"name":"wp","href":"https:\/\/api.w.org\/{rel}","templated":true}]}}