{"id":1251578,"date":"2023-03-06T17:47:02","date_gmt":"2023-03-06T23:47:02","guid":{"rendered":"https:\/\/www.acapulcopress.com\/?p=1251578"},"modified":"2023-03-06T17:47:02","modified_gmt":"2023-03-06T23:47:02","slug":"malaga-rinde-homenaje-postumo-al-schindler-mexicano","status":"publish","type":"post","link":"https:\/\/www.acapulcopress.com\/index.php\/2023\/03\/06\/malaga-rinde-homenaje-postumo-al-schindler-mexicano\/","title":{"rendered":"M\u00e1laga rinde homenaje p\u00f3stumo al \u00abSchindler mexicano\u00bb"},"content":{"rendered":"<p style=\"text-align: justify;\">M\u00c1LAGA, Espa\u00f1a * 6 de marzo de 2023.<br \/>\n<em>) <a href=\"https:\/\/www.dw.com\/es\/el-schindler-mexicano-recibe-un-homenaje-p%C3%B3stumo-en-espa%C3%B1a\/a-64902478\" target=\"_blank\" rel=\"noopener\">DW Actualidad<\/a><\/em><br \/>\nEl diplom\u00e1tico mexicano Porfirio Smerdou Fleissner, \u00abel Schindler de la Guerra Civil\u00bb y fallecido en 2002, recibe la Medalla de la Ciudad de M\u00e1laga por salvar a cientos de personas de ambos bandos del conflicto espa\u00f1ol.<\/p>\n<p style=\"text-align: justify;\">El Ayuntamiento de esta localidad espa\u00f1ola, donde residi\u00f3 el diplom\u00e1tico mexicano, valora as\u00ed su \u00ablabor humanitaria\u00bb en esa ciudad, seg\u00fan el expediente de concesi\u00f3n, aprobado en noviembre pasado por unanimidad de la corporaci\u00f3n municipal y apoyado por otras instituciones y entidades.<\/p>\n<p style=\"text-align: justify;\">El c\u00f3nsul fue protagonista de libros como \u00abEl &#8216;Schindler&#8217; de la Guerra Civil\u00bb, del escritor y periodista espa\u00f1ol Diego Carcedo, que inspir\u00f3 tambi\u00e9n un documental. Smerdou Fleissner, que muri\u00f3 en Espa\u00f1a, era c\u00f3nsul honorario de M\u00e9xico en la regi\u00f3n de Andaluc\u00eda Oriental y el Protectorado espa\u00f1ol de Marruecos cuando estall\u00f3 la guerra, a mediados de 1936.<\/p>\n<p style=\"text-align: justify;\">Al comenzar el conflicto y las matanzas en M\u00e1laga, Smerdou aprovech\u00f3 sus relaciones y amistades para dar refugio en su vivienda particular a cientos de militantes del carlismo, el falangismo y el conservadurismo, simpatizantes de los militares sublevados contra el Gobierno de la II Rep\u00fablica y cuyas vidas corr\u00edan peligro.\u200b<\/p>\n<p style=\"text-align: justify;\"><strong>Con la ayuda del c\u00f3nsul argentino<\/strong><\/p>\n<p>El Gobierno mexicano lo ces\u00f3 el 19 de diciembre de 1936, pero esto no le impidi\u00f3 continuar con su cometido. Cuando las tropas sublevadas entraron en M\u00e1laga (1937), comenz\u00f3 la persecuci\u00f3n de los republicanos y Smerdou acogi\u00f3 igualmente a seis pol\u00edticos que acudieron a \u00e9l en busca de ayuda.<\/p>\n<p style=\"text-align: justify;\">Logr\u00f3 evacuar a numerosas personas a la colonia brit\u00e1nica de Gibraltar, Marruecos o Marsella (Francia) con ayuda de unas ambulancias y convenci\u00f3 a otros mexicanos residentes en la ciudad para que acogieran a m\u00e1s de 65 espa\u00f1oles, mientras que el c\u00f3nsul argentino le cedi\u00f3 un consulado abandonado para cobijar a m\u00e1s personas. Despu\u00e9s de la guerra, por su labor humanitaria, el Juzgado Militar n\u00famero 1 de M\u00e1laga le concedi\u00f3 la nacionalidad espa\u00f1ola y fue condecorado con la Cruz del M\u00e9rito Militar de primera clase con distintivo blanco.<\/p>\n<p style=\"text-align: justify;\">En 1946, el r\u00e9gimen del general Francisco Franco lo conden\u00f3 a prisi\u00f3n por haber pertenecido a la masoner\u00eda. Tras demostrar que hab\u00eda abjurado anteriormente ante el cardenal Giuseppe Pizzardo (prefecto de la Sagrada Congregaci\u00f3n del Santo Oficio de la Romana y Universal Inquisici\u00f3n), en el Vaticano, el Gobierno espa\u00f1ol lo absolvi\u00f3.<\/p>\n<p style=\"text-align: justify;\">El resto de su vida se dedic\u00f3 al mundo empresarial en Espa\u00f1a, Alemania y M\u00e9xico.<\/p>\n<p style=\"text-align: justify;\"><em>) S\u00edguenos en Facebook.com\/<a href=\"https:\/\/www.facebook.com\/acapulcopress.news\" target=\"_blank\" rel=\"noopener\">acapulcopress.news<\/a><\/em><\/p>\n","protected":false},"excerpt":{"rendered":"<p>M\u00c1LAGA, Espa\u00f1a * 6 de marzo de 2023. ) DW Actualidad El diplom\u00e1tico mexicano Porfirio Smerdou Fleissner, \u00abel Schindler de la Guerra Civil\u00bb y fallecido en 2002, recibe la Medalla de la Ciudad de M\u00e1laga por salvar a cientos de personas de ambos bandos del conflicto espa\u00f1ol. El Ayuntamiento de esta localidad espa\u00f1ola, donde residi\u00f3&#8230;<\/p>\n","protected":false},"author":2,"featured_media":1251579,"comment_status":"closed","ping_status":"closed","sticky":false,"template":"","format":"standard","meta":{"footnotes":""},"categories":[2022,1972,1988],"tags":[2295,3872,8864,9227,9548],"class_list":["post-1251578","post","type-post","status-publish","format-standard","has-post-thumbnail","hentry","category-actvismo","category-special","category-lifestyles","tag-schindler-mexicano","tag-andalucia-oriental","tag-francisco-franco","tag-giuseppe-pizzardo","tag-guerra-civil-de-espana"],"_links":{"self":[{"href":"https:\/\/www.acapulcopress.com\/index.php\/wp-json\/wp\/v2\/posts\/1251578","targetHints":{"allow":["GET"]}}],"collection":[{"href":"https:\/\/www.acapulcopress.com\/index.php\/wp-json\/wp\/v2\/posts"}],"about":[{"href":"https:\/\/www.acapulcopress.com\/index.php\/wp-json\/wp\/v2\/types\/post"}],"author":[{"embeddable":true,"href":"https:\/\/www.acapulcopress.com\/index.php\/wp-json\/wp\/v2\/users\/2"}],"replies":[{"embeddable":true,"href":"https:\/\/www.acapulcopress.com\/index.php\/wp-json\/wp\/v2\/comments?post=1251578"}],"version-history":[{"count":0,"href":"https:\/\/www.acapulcopress.com\/index.php\/wp-json\/wp\/v2\/posts\/1251578\/revisions"}],"wp:featuredmedia":[{"embeddable":true,"href":"https:\/\/www.acapulcopress.com\/index.php\/wp-json\/"}],"wp:attachment":[{"href":"https:\/\/www.acapulcopress.com\/index.php\/wp-json\/wp\/v2\/media?parent=1251578"}],"wp:term":[{"taxonomy":"category","embeddable":true,"href":"https:\/\/www.acapulcopress.com\/index.php\/wp-json\/wp\/v2\/categories?post=1251578"},{"taxonomy":"post_tag","embeddable":true,"href":"https:\/\/www.acapulcopress.com\/index.php\/wp-json\/wp\/v2\/tags?post=1251578"}],"curies":[{"name":"wp","href":"https:\/\/api.w.org\/{rel}","templated":true}]}}