{"id":1251589,"date":"2023-03-06T18:30:18","date_gmt":"2023-03-07T00:30:18","guid":{"rendered":"https:\/\/www.acapulcopress.com\/?p=1251589"},"modified":"2023-03-06T18:30:18","modified_gmt":"2023-03-07T00:30:18","slug":"reinstalaron-con-todas-sus-garantia-a-trabajadores-despedidos-del-congreso","status":"publish","type":"post","link":"https:\/\/www.acapulcopress.com\/index.php\/2023\/03\/06\/reinstalaron-con-todas-sus-garantia-a-trabajadores-despedidos-del-congreso\/","title":{"rendered":"Reinstalaron con todas sus garant\u00eda a trabajadores despedidos del Congreso"},"content":{"rendered":"<p style=\"text-align: justify;\">\u00bb <strong>Marcial<\/strong> | <strong>Campuzano<\/strong><br \/>\nCHILPANCINGO * 6 de marzo de 2023.<br \/>\n<em>) <a href=\"https:\/\/a-nasa.com.mx\/2023\/03\/06\/reinstalan-a-trabajadores-despedidos-del-congreso-hoy-les-regresan-salarios-retenidos-siguen-las-negociaciones\/\" target=\"_blank\" rel=\"noopener\">ANASA<\/a><\/em><br \/>\nPor intervenci\u00f3n directa del senador <a href=\"https:\/\/www.facebook.com\/FelixSalgadoMX\" target=\"_blank\" rel=\"noopener\">F\u00e9lix Salgado Macedonio<\/a>, el \u00e1rea administrativa y financiera del Congreso local invalid\u00f3 los despidos injustificados de los trabajadores Alondra Reza y Ram\u00f3n Mu\u00f1iz, a quienes les reintegrar\u00e1n los salarios retenidos este lunes, y lo mismo ocurrir\u00e1 a favor del l\u00edder del<a href=\"https:\/\/www.facebook.com\/profile.php?id=100076237486863\" target=\"_blank\" rel=\"noopener\"> Sindicato de Trabajadores del Congreso del Estado Sentimientos de la Naci\u00f3n<\/a>, Fernando Mart\u00ednez.<\/p>\n<p style=\"text-align: justify;\">Adem\u00e1s, qued\u00f3 firme el compromiso de que a partir de este lunes, reiniciar\u00e1n las negociaciones para determinar en qu\u00e9 t\u00e9rminos se dar\u00e1 atenci\u00f3n y soluci\u00f3n al pliego petitorio, que la organizaci\u00f3n sindical entreg\u00f3 a la presidenta de la Junta de Coordinaci\u00f3n Pol\u00edtica,<a href=\"https:\/\/www.facebook.com\/YoloczinDominguez\" target=\"_blank\" rel=\"noopener\"> Yolozcin Dom\u00ednguez Serna<\/a>, en el que se pide que haya un trato igualitario en la entrega de las prestaciones a los trabajadores.<\/p>\n<p style=\"text-align: justify;\">En los primeros acuerdos entre la parte patronal y el Sindicato Independiente \u201cSentimientos de la Naci\u00f3n\u201d, destaca la reincorporaci\u00f3n a la plantilla de personal de los trabajadores Alondra Reza Arzola, quien a partir de este lunes se incorporar\u00e1 al equipo de trabajo del diputado Jacinto Gonz\u00e1lez Varona; y del chofer Ram\u00f3n Mu\u00f1iz Ocampo quien fue adscrito al equipo de trabajo del diputado <a href=\"https:\/\/www.facebook.com\/SoyJackoBadillo\" target=\"_blank\" rel=\"noopener\">Joaqu\u00edn Badillo Escamilla.<\/a><\/p>\n<p style=\"text-align: justify;\">Asimismo, se acord\u00f3 que el secretario general del Sindicato Independiente Fernando Mart\u00ednez Rom\u00e1n qued\u00f3 adscrito a partir de este lunes en el equipo de trabajo del diputado Joaqu\u00edn Badillo.<\/p>\n<p style=\"text-align: justify;\">Otro de los acuerdos logrados con la mediaci\u00f3n del senador F\u00e9lix Salgado Macedonio, es que este lunes ser\u00e1n liberados los salarios retenidos a los 3 trabajadores, con lo que qued\u00f3 saldada esta parte del conflicto laboral.<\/p>\n<p style=\"text-align: justify;\">El dirigente del Sindicato Independiente del Congreso inform\u00f3 que estos primeros acuerdos, derivaron de una reuni\u00f3n llevada a cabo la tarde del pasado viernes, que se prolong\u00f3 hasta las 2 de la ma\u00f1ana del s\u00e1bado con la firma de un acta con el titular del \u00f3rgano de control interno del Congreso, que da cuenta de la entrega del edificio.<\/p>\n<p style=\"text-align: justify;\">Inform\u00f3 que \u00e9l y los otros 2 trabajadores fueron readscritos con la misma categor\u00eda y con el mismo salario.<\/p>\n<p style=\"text-align: justify;\">La negociaci\u00f3n del pliego petitorio comenzar\u00e1 este lunes, en la que la administraci\u00f3n del Congreso definir\u00e1 qu\u00e9 s\u00ed y qu\u00e9 no puede cumplir.<\/p>\n<p style=\"text-align: justify;\">Se\u00f1al\u00f3 que el senador F\u00e9lix Salgado instruy\u00f3 a su secretario particular para que d\u00e9 seguimiento a los acuerdos, y entre \u00e9stos que el Congreso se desista de las denuncias, en caso de existir, que habr\u00edan sido presentadas en contra miembros del Sindicato Independiente por haber tomado las instalaciones del Congreso, y por el bloqueo a la avenida Tr\u00e9bol que colinda con las instalaciones legislativas.<\/p>\n<p style=\"text-align: justify;\">En el reinicio de las negociaciones participar\u00e1n por parte del Congreso del estado Juanita Avil\u00e9s Rodr\u00edguez, quien se desempe\u00f1a como subdirectora de Recursos Humanos; el secretario de Servicios Financieros Andr\u00e9s Orosco Pintos; y el secretario t\u00e9cnico de la Junta de Coordinaci\u00f3n Pol\u00edtica Arturo Pacheco Bedolla.<\/p>\n<p style=\"text-align: justify;\">Se\u00f1al\u00f3 que conf\u00edan en los buenos oficios del senador F\u00e9lix Salgado \u201cporque nosotros no le abonamos al conflicto, vamos a esperar que se cristalicen los acuerdos que ser\u00e1n dados a conocer a los medios de comunicaci\u00f3n\u201d.<\/p>\n<p style=\"text-align: justify;\">Se\u00f1al\u00f3 que en todo momento demostraron la legalidad del Sindicato Independiente que fue en base a la nueva reforma laboral y a la libertad sindical, \u201cque son temas que abonan a que los trabajadores libremente se organicen\u201d.<\/p>\n<p style=\"text-align: justify;\">Aclar\u00f3 que en ning\u00fan momento pidi\u00f3 inmunidad a los directivos del Congreso para ning\u00fan integrante del sindicato ni para \u00e9l. \u201cLo que s\u00ed pedimos es que los procedimientos se apeguen a la legalidad, que no sean procedimientos administrativos armados o fabricados en contra de alg\u00fan trabajador\u201d.<\/p>\n<p><em>) S\u00edguenos en Facebook.com\/<a href=\"https:\/\/www.facebook.com\/acapulcopress.news\" target=\"_blank\" rel=\"noopener\">acapulcopress.news<\/a><\/em><\/p>\n","protected":false},"excerpt":{"rendered":"<p>\u00bb Marcial | Campuzano CHILPANCINGO * 6 de marzo de 2023. ) ANASA Por intervenci\u00f3n directa del senador F\u00e9lix Salgado Macedonio, el \u00e1rea administrativa y financiera del Congreso local invalid\u00f3 los despidos injustificados de los trabajadores Alondra Reza y Ram\u00f3n Mu\u00f1iz, a quienes les reintegrar\u00e1n los salarios retenidos este lunes, y lo mismo ocurrir\u00e1 a&#8230;<\/p>\n","protected":false},"author":2,"featured_media":1251590,"comment_status":"closed","ping_status":"closed","sticky":false,"template":"","format":"standard","meta":{"footnotes":""},"categories":[1972,61,18561],"tags":[16649],"class_list":["post-1251589","post","type-post","status-publish","format-standard","has-post-thumbnail","hentry","category-special","category-legislacion","category-society-politics","tag-sindicato-de-trabajadores-del-congreso-del-estado-sentimientos-de-la-nacion"],"_links":{"self":[{"href":"https:\/\/www.acapulcopress.com\/index.php\/wp-json\/wp\/v2\/posts\/1251589","targetHints":{"allow":["GET"]}}],"collection":[{"href":"https:\/\/www.acapulcopress.com\/index.php\/wp-json\/wp\/v2\/posts"}],"about":[{"href":"https:\/\/www.acapulcopress.com\/index.php\/wp-json\/wp\/v2\/types\/post"}],"author":[{"embeddable":true,"href":"https:\/\/www.acapulcopress.com\/index.php\/wp-json\/wp\/v2\/users\/2"}],"replies":[{"embeddable":true,"href":"https:\/\/www.acapulcopress.com\/index.php\/wp-json\/wp\/v2\/comments?post=1251589"}],"version-history":[{"count":0,"href":"https:\/\/www.acapulcopress.com\/index.php\/wp-json\/wp\/v2\/posts\/1251589\/revisions"}],"wp:featuredmedia":[{"embeddable":true,"href":"https:\/\/www.acapulcopress.com\/index.php\/wp-json\/"}],"wp:attachment":[{"href":"https:\/\/www.acapulcopress.com\/index.php\/wp-json\/wp\/v2\/media?parent=1251589"}],"wp:term":[{"taxonomy":"category","embeddable":true,"href":"https:\/\/www.acapulcopress.com\/index.php\/wp-json\/wp\/v2\/categories?post=1251589"},{"taxonomy":"post_tag","embeddable":true,"href":"https:\/\/www.acapulcopress.com\/index.php\/wp-json\/wp\/v2\/tags?post=1251589"}],"curies":[{"name":"wp","href":"https:\/\/api.w.org\/{rel}","templated":true}]}}