{"id":1251597,"date":"2023-03-06T19:21:05","date_gmt":"2023-03-07T01:21:05","guid":{"rendered":"https:\/\/www.acapulcopress.com\/?p=1251597"},"modified":"2023-03-06T19:21:05","modified_gmt":"2023-03-07T01:21:05","slug":"hallan-muerto-en-hotel-de-ciudad-de-mexico-al-periodista-carlos-acosta","status":"publish","type":"post","link":"https:\/\/www.acapulcopress.com\/index.php\/2023\/03\/06\/hallan-muerto-en-hotel-de-ciudad-de-mexico-al-periodista-carlos-acosta\/","title":{"rendered":"Hallan muerto en hotel de Ciudad de M\u00e9xico al periodista Carlos Acosta"},"content":{"rendered":"<p style=\"text-align: justify;\">CIUDAD DE M\u00c9XICO * 6 de marzo de 2023.<br \/>\n<em>) <a href=\"https:\/\/latinus.us\/2023\/03\/06\/hallan-muerto-periodista-carlos-acosta-hotel-cdmx-fiscalia-investiga-homicidio\/\" target=\"_blank\" rel=\"noopener\">Latinus<\/a><\/em><br \/>\nLa Fiscal\u00eda General de Justicia de la Ciudad de M\u00e9xico inform\u00f3 este lunes que inici\u00f3 una carpeta de investigaci\u00f3n por homicidio, despu\u00e9s de que este fin de semana fuera encontrado muerto el periodista Carlos Acosta.<\/p>\n<p style=\"text-align: justify;\">Las autoridades indicaron que el periodista fue encontrado este s\u00e1bado en una habitaci\u00f3n de un hotel ubicado en la colonia Ermita de la alcald\u00eda Benito Ju\u00e1rez.<\/p>\n<p style=\"text-align: justify;\">Un funcionario estatal, que no est\u00e1 autorizado para declarar, confirm\u00f3 a la <em>AP<\/em> que la persona que fue hallada en ese hotel, ubicado en Calzada de Tlalpan, era Carlos Acosta.<\/p>\n<p style=\"text-align: justify;\">El cuerpo del periodista fue llevado al instituto forense para practicarle la necropsia y determinar las causas de la muerte.<\/p>\n<p style=\"text-align: justify;\">Medios locales se\u00f1alaron que el reportero, de 65 a\u00f1os, fue hallado por el encargado del hotel y agentes de la Secretar\u00eda de Seguridad Ciudadana en una de las habitaciones del hotel.<\/p>\n<p style=\"text-align: justify;\">El periodista estaba especializado en el \u00e1rea de econom\u00eda y trabaj\u00f3 en la revista <em>Proceso<\/em> desde 1983 hasta 2019 cuando se jubil\u00f3.<\/p>\n<p style=\"text-align: justify;\">Acosta tambi\u00e9n labor\u00f3 hace dos d\u00e9cadas en el diario <em>El Universal<\/em> como coordinador de Sociedad y de Reportajes Especiales.<\/p>\n<p style=\"text-align: justify;\"><em>) S\u00edguenos en Facebook.com\/<a href=\"https:\/\/www.facebook.com\/acapulcopress.news\" target=\"_blank\" rel=\"noopener\">acapulcopress.news<\/a><\/em><\/p>\n","protected":false},"excerpt":{"rendered":"<p>CIUDAD DE M\u00c9XICO * 6 de marzo de 2023. ) Latinus La Fiscal\u00eda General de Justicia de la Ciudad de M\u00e9xico inform\u00f3 este lunes que inici\u00f3 una carpeta de investigaci\u00f3n por homicidio, despu\u00e9s de que este fin de semana fuera encontrado muerto el periodista Carlos Acosta. Las autoridades indicaron que el periodista fue encontrado este&#8230;<\/p>\n","protected":false},"author":2,"featured_media":1251598,"comment_status":"closed","ping_status":"closed","sticky":false,"template":"","format":"standard","meta":{"footnotes":""},"categories":[1969,2005],"tags":[5158],"class_list":["post-1251597","post","type-post","status-publish","format-standard","has-post-thumbnail","hentry","category-trending","category-seguridad-y-justicia","tag-carlos-acosta"],"_links":{"self":[{"href":"https:\/\/www.acapulcopress.com\/index.php\/wp-json\/wp\/v2\/posts\/1251597","targetHints":{"allow":["GET"]}}],"collection":[{"href":"https:\/\/www.acapulcopress.com\/index.php\/wp-json\/wp\/v2\/posts"}],"about":[{"href":"https:\/\/www.acapulcopress.com\/index.php\/wp-json\/wp\/v2\/types\/post"}],"author":[{"embeddable":true,"href":"https:\/\/www.acapulcopress.com\/index.php\/wp-json\/wp\/v2\/users\/2"}],"replies":[{"embeddable":true,"href":"https:\/\/www.acapulcopress.com\/index.php\/wp-json\/wp\/v2\/comments?post=1251597"}],"version-history":[{"count":0,"href":"https:\/\/www.acapulcopress.com\/index.php\/wp-json\/wp\/v2\/posts\/1251597\/revisions"}],"wp:featuredmedia":[{"embeddable":true,"href":"https:\/\/www.acapulcopress.com\/index.php\/wp-json\/"}],"wp:attachment":[{"href":"https:\/\/www.acapulcopress.com\/index.php\/wp-json\/wp\/v2\/media?parent=1251597"}],"wp:term":[{"taxonomy":"category","embeddable":true,"href":"https:\/\/www.acapulcopress.com\/index.php\/wp-json\/wp\/v2\/categories?post=1251597"},{"taxonomy":"post_tag","embeddable":true,"href":"https:\/\/www.acapulcopress.com\/index.php\/wp-json\/wp\/v2\/tags?post=1251597"}],"curies":[{"name":"wp","href":"https:\/\/api.w.org\/{rel}","templated":true}]}}