{"id":1251600,"date":"2023-03-06T19:52:38","date_gmt":"2023-03-07T01:52:38","guid":{"rendered":"https:\/\/www.acapulcopress.com\/?p=1251600"},"modified":"2023-03-06T19:52:38","modified_gmt":"2023-03-07T01:52:38","slug":"trabajadores-del-ine-se-amparan-contra-plan-b","status":"publish","type":"post","link":"https:\/\/www.acapulcopress.com\/index.php\/2023\/03\/06\/trabajadores-del-ine-se-amparan-contra-plan-b\/","title":{"rendered":"Trabajadores del INE se amparan contra \u2018Plan B\u2019"},"content":{"rendered":"<p style=\"text-align: justify;\">CIUDAD DE M\u00c9XICO * 6 de marzo de 2023.<br \/>\n<em>) <a href=\"https:\/\/www.forbes.com.mx\/trabajadores-del-ine-presentan-demanda-de-amparo-contra-plan-b-de-amlo\/\" target=\"_blank\" rel=\"noopener\">Forbes M\u00e9xico<\/a><\/em><br \/>\nTrabajadores del Instituto Nacional Electoral (INE) presentaron una demanda de amparo contra de \u201cplan B\u201d electoral del presidente <a href=\"https:\/\/www.facebook.com\/lopezobrador.org.mx\" target=\"_blank\" rel=\"noopener\">Andr\u00e9s Manuel L\u00f3pez Obrador<\/a> para no perder sus empleos, pues seg\u00fan estimaciones de las autoridades electorales m\u00e1s de 6 mil personas de este \u00f3rgano podr\u00edan quedar sin trabajo.<\/p>\n<p style=\"text-align: justify;\">En entrevista con <em>Forbes M\u00e9xico,<\/em> el abogado de la firma <em>Trusan &amp; Roma Abogados,<\/em> Rodolfo Mart\u00ednez, coment\u00f3 que hasta ahora van 147 empleados que los buscan para ampararse, pues la reforma electoral reci\u00e9n publicada la semana pasada establece la reestructuraci\u00f3n de \u00e1reas.<\/p>\n<p style=\"text-align: justify;\">\u201cEs el primer amparo que se presenta en M\u00e9xico de empleados en contra de la reforma electoral. Son 147 empleados tanto del Servicio Profesional Electoral como de las \u00e1reas administrativas, que pretenden mediante este amparo que no se les apliquen los criterios de reestructuraci\u00f3n y compactaci\u00f3n administrativa de las diversas \u00e1reas del INE, as\u00ed como que no se vean afectados en sus sueldos y salarios\u201d, dijo el abogado.<\/p>\n<p style=\"text-align: justify;\">Coment\u00f3 que entre el jueves y viernes habr\u00e1 respuesta sobre si se admite a tr\u00e1mites la demanda de amparo para suspender la aplicaci\u00f3n de la reforma electoral, y aclar\u00f3 que esto solo tendr\u00e1 efectos para quienes promovieron este medio de control.<\/p>\n<p style=\"text-align: justify;\">El abogado se\u00f1al\u00f3 que esperan que m\u00e1s empleados soliciten sus servicios, por lo que estim\u00f3 que el pr\u00f3ximo viernes presenten un segundo bloque de demanda de amparo, pues la ley otorga 30 d\u00edas para presentar este recurso una vez que entra en vigencia la norma.<\/p>\n<p style=\"text-align: justify;\">\u201cNo sabemos cu\u00e1ntos empleados, no podr\u00eda decir una cantidad, porque va subiendo hora tras hora el n\u00famero de personas que acuden a nuestra firma para traer sus documentos. Ahorita es prematuro decir cu\u00e1ntos ir\u00edan en el siguiente bloque de amparo del viernes\u201d, aclar\u00f3.<\/p>\n<p style=\"text-align: justify;\"><em>) S\u00edguenos en Facebook.com\/<a href=\"https:\/\/www.facebook.com\/acapulcopress.news\" target=\"_blank\" rel=\"noopener\">acapulcopress.news<\/a><\/em><\/p>\n","protected":false},"excerpt":{"rendered":"<p>CIUDAD DE M\u00c9XICO * 6 de marzo de 2023. ) Forbes M\u00e9xico Trabajadores del Instituto Nacional Electoral (INE) presentaron una demanda de amparo contra de \u201cplan B\u201d electoral del presidente Andr\u00e9s Manuel L\u00f3pez Obrador para no perder sus empleos, pues seg\u00fan estimaciones de las autoridades electorales m\u00e1s de 6 mil personas de este \u00f3rgano podr\u00edan&#8230;<\/p>\n","protected":false},"author":2,"featured_media":1251601,"comment_status":"closed","ping_status":"closed","sticky":false,"template":"","format":"standard","meta":{"footnotes":""},"categories":[1997],"tags":[3896,10337,14604],"class_list":["post-1251600","post","type-post","status-publish","format-standard","has-post-thumbnail","hentry","category-noticias-destacadas","tag-andres-manuel-lopez-obrador","tag-instituto-nacional-electoral-ine","tag-plan-b-ine"],"_links":{"self":[{"href":"https:\/\/www.acapulcopress.com\/index.php\/wp-json\/wp\/v2\/posts\/1251600","targetHints":{"allow":["GET"]}}],"collection":[{"href":"https:\/\/www.acapulcopress.com\/index.php\/wp-json\/wp\/v2\/posts"}],"about":[{"href":"https:\/\/www.acapulcopress.com\/index.php\/wp-json\/wp\/v2\/types\/post"}],"author":[{"embeddable":true,"href":"https:\/\/www.acapulcopress.com\/index.php\/wp-json\/wp\/v2\/users\/2"}],"replies":[{"embeddable":true,"href":"https:\/\/www.acapulcopress.com\/index.php\/wp-json\/wp\/v2\/comments?post=1251600"}],"version-history":[{"count":0,"href":"https:\/\/www.acapulcopress.com\/index.php\/wp-json\/wp\/v2\/posts\/1251600\/revisions"}],"wp:featuredmedia":[{"embeddable":true,"href":"https:\/\/www.acapulcopress.com\/index.php\/wp-json\/"}],"wp:attachment":[{"href":"https:\/\/www.acapulcopress.com\/index.php\/wp-json\/wp\/v2\/media?parent=1251600"}],"wp:term":[{"taxonomy":"category","embeddable":true,"href":"https:\/\/www.acapulcopress.com\/index.php\/wp-json\/wp\/v2\/categories?post=1251600"},{"taxonomy":"post_tag","embeddable":true,"href":"https:\/\/www.acapulcopress.com\/index.php\/wp-json\/wp\/v2\/tags?post=1251600"}],"curies":[{"name":"wp","href":"https:\/\/api.w.org\/{rel}","templated":true}]}}