{"id":1251603,"date":"2023-03-07T15:55:38","date_gmt":"2023-03-07T21:55:38","guid":{"rendered":"https:\/\/www.acapulcopress.com\/?p=1251603"},"modified":"2023-03-07T15:55:38","modified_gmt":"2023-03-07T21:55:38","slug":"no-no-fue-un-secuestro","status":"publish","type":"post","link":"https:\/\/www.acapulcopress.com\/index.php\/2023\/03\/07\/no-no-fue-un-secuestro\/","title":{"rendered":"No, no fue un secuestro"},"content":{"rendered":"<p style=\"text-align: justify;\">\u00bb Carlos | Seoane<br \/>\n@CarlosSeoaneN<br \/>\n<em>) <a href=\"https:\/\/www.eluniversal.com.mx\/opinion\/carlos-seoane\/no-no-fue-un-secuestro\" target=\"_blank\" rel=\"noopener\">El Universal Online<\/a><\/em><\/p>\n<p style=\"text-align: justify;\">Durante la conferencia ma\u00f1anera de este martes, el presidente <a href=\"https:\/\/www.facebook.com\/lopezobrador.org.mx\" target=\"_blank\" rel=\"noopener\">L\u00f3pez Obrador<\/a> tom\u00f3 una llamada del gobernador de Tamaulipas, <a href=\"https:\/\/www.facebook.com\/dr.americovillarreal\" target=\"_blank\" rel=\"noopener\">Am\u00e9rico Villareal<\/a>, misma que fue reproducida en vivo en los altavoces del sal\u00f3n en Palacio Nacional.<\/p>\n<p style=\"text-align: justify;\">Villareal inform\u00f3 que los cuatro ciudadanos estadounidenses que hab\u00edan sido secuestrados en Matamoros ya hab\u00edan sido localizados. Sin embargo, el saldo dist\u00f3 de ser positivo, ya que dos de ellos hab\u00edan perdido la vida, uno estaba herido y otro (asumo que la mujer) estaba ileso.<\/p>\n<p style=\"text-align: justify;\">Me llama la atenci\u00f3n que todo lo ocurrido alrededor de este violento acto sea descrito como un secuestro, siendo que nada alrededor de la mec\u00e1nica criminal observada, indica que esto haya sido, precisamente, un secuestro.<\/p>\n<p style=\"text-align: justify;\">La siguiente es la mejor definici\u00f3n de secuestro que les puedo compartir: La captura y retenci\u00f3n de una(s) persona(s) en una ubicaci\u00f3n desconocida con la intenci\u00f3n de obtener una concesi\u00f3n monetaria o pol\u00edtica a cambio de su libertad.<\/p>\n<p style=\"text-align: justify;\">Desde el momento de su captura, se puede apreciar (en el video que circula en redes sociales) a un comando armado que arrastra a tres hombres afroamericanos por la calle dejando un rastro de sangre tras de ellos. Estas tres personas son arrojadas como bultos a la parte trasera de una camioneta tipo pickup en donde ya los esperaba su compa\u00f1era, una mujer de raza negra tambi\u00e9n.<\/p>\n<p style=\"text-align: justify;\">Pregunta: \u00bfQu\u00e9 secuestrador acribillar\u00eda a tres de sus cuatro rehenes para posteriormente tratar de negociar su libertad a cambio de un rescate?<\/p>\n<p style=\"text-align: justify;\">El secuestro de cuatro ciudadanos afroamericanos en nuestro pa\u00eds llama la atenci\u00f3n de forma desmedida (como ya pudimos verlo), se involucra a un gobierno extranjero (Joe Biden mand\u00f3 a su embajador a ver a L\u00f3pez Obrador), existe una gran presi\u00f3n pol\u00edtica sobre nuestras autoridades (y curiosamente, nuestra polic\u00eda es sumamente efectiva bajo presi\u00f3n), las v\u00edctimas no hablan espa\u00f1ol al igual que sus familias que viven en otro pa\u00eds, pagar un rescate es muy complicado si no se lleva a cabo localmente\u2026 en fin, no s\u00e9 qu\u00e9 fue lo qu\u00e9 pas\u00f3, pero esto no fue un secuestro.<br \/>\n<em>* Consultor en seguridad y manejo de crisis<\/em><\/p>\n<div style=\"width: 1160px;\" class=\"wp-video\"><video class=\"wp-video-shortcode\" id=\"video-1251603-1\" width=\"1160\" height=\"653\" preload=\"metadata\" controls=\"controls\"><source type=\"video\/mp4\" src=\"https:\/\/www.acapulcopress.com\/wp-content\/uploads\/2023\/03\/AMERICO-VILLAREAL.mp4?_=1\" \/><a href=\"https:\/\/www.acapulcopress.com\/wp-content\/uploads\/2023\/03\/AMERICO-VILLAREAL.mp4\">https:\/\/www.acapulcopress.com\/wp-content\/uploads\/2023\/03\/AMERICO-VILLAREAL.mp4<\/a><\/video><\/div>\n<div style=\"width: 854px;\" class=\"wp-video\"><video class=\"wp-video-shortcode\" id=\"video-1251603-2\" width=\"854\" height=\"480\" preload=\"metadata\" controls=\"controls\"><source type=\"video\/mp4\" src=\"https:\/\/www.acapulcopress.com\/wp-content\/uploads\/2023\/03\/secuestrados.mp4?_=2\" \/><a href=\"https:\/\/www.acapulcopress.com\/wp-content\/uploads\/2023\/03\/secuestrados.mp4\">https:\/\/www.acapulcopress.com\/wp-content\/uploads\/2023\/03\/secuestrados.mp4<\/a><\/video><\/div>\n<p>NOTICIA VINCULADA<br \/>\n<a href=\"https:\/\/www.acapulcopress.com\/trending\/asi-secuestraron-a-ciudadano-estadounidenses-en-tamaulipas\/\" target=\"_blank\" rel=\"noopener\"><strong>As\u00ed secuestraron a ciudadanos estadounidenses en Tamaulipas<\/strong><\/a><\/p>\n<p>)<strong> S\u00edguenos en Facebook.com\/<a href=\"https:\/\/www.facebook.com\/acapulcopress.news\" target=\"_blank\" rel=\"noopener\">acapulcopress.news<\/a><\/strong><\/p>\n","protected":false},"excerpt":{"rendered":"<p>\u00bb Carlos | Seoane @CarlosSeoaneN ) El Universal Online Durante la conferencia ma\u00f1anera de este martes, el presidente L\u00f3pez Obrador tom\u00f3 una llamada del gobernador de Tamaulipas, Am\u00e9rico Villareal, misma que fue reproducida en vivo en los altavoces del sal\u00f3n en Palacio Nacional. Villareal inform\u00f3 que los cuatro ciudadanos estadounidenses que hab\u00edan sido secuestrados en&#8230;<\/p>\n","protected":false},"author":2,"featured_media":1251608,"comment_status":"closed","ping_status":"closed","sticky":false,"template":"","format":"standard","meta":{"footnotes":""},"categories":[1972,2071,1991],"tags":[3784,3873,8022,8392,11693,13596,16580,18316],"class_list":["post-1251603","post","type-post","status-publish","format-standard","has-post-thumbnail","hentry","category-special","category-opinion-analisis-columnas","category-libertad-de-expresion","tag-americo-villareal-anaya","tag-andes-manuel-lopez-obrador","tag-eric-william","tag-fbi","tag-latavia-mcgee","tag-ned-price","tag-shaeed-woodard","tag-zindell-brown"],"_links":{"self":[{"href":"https:\/\/www.acapulcopress.com\/index.php\/wp-json\/wp\/v2\/posts\/1251603","targetHints":{"allow":["GET"]}}],"collection":[{"href":"https:\/\/www.acapulcopress.com\/index.php\/wp-json\/wp\/v2\/posts"}],"about":[{"href":"https:\/\/www.acapulcopress.com\/index.php\/wp-json\/wp\/v2\/types\/post"}],"author":[{"embeddable":true,"href":"https:\/\/www.acapulcopress.com\/index.php\/wp-json\/wp\/v2\/users\/2"}],"replies":[{"embeddable":true,"href":"https:\/\/www.acapulcopress.com\/index.php\/wp-json\/wp\/v2\/comments?post=1251603"}],"version-history":[{"count":0,"href":"https:\/\/www.acapulcopress.com\/index.php\/wp-json\/wp\/v2\/posts\/1251603\/revisions"}],"wp:featuredmedia":[{"embeddable":true,"href":"https:\/\/www.acapulcopress.com\/index.php\/wp-json\/"}],"wp:attachment":[{"href":"https:\/\/www.acapulcopress.com\/index.php\/wp-json\/wp\/v2\/media?parent=1251603"}],"wp:term":[{"taxonomy":"category","embeddable":true,"href":"https:\/\/www.acapulcopress.com\/index.php\/wp-json\/wp\/v2\/categories?post=1251603"},{"taxonomy":"post_tag","embeddable":true,"href":"https:\/\/www.acapulcopress.com\/index.php\/wp-json\/wp\/v2\/tags?post=1251603"}],"curies":[{"name":"wp","href":"https:\/\/api.w.org\/{rel}","templated":true}]}}