{"id":1251624,"date":"2023-03-07T18:44:57","date_gmt":"2023-03-08T00:44:57","guid":{"rendered":"https:\/\/www.acapulcopress.com\/?p=1251624"},"modified":"2023-03-07T18:44:57","modified_gmt":"2023-03-08T00:44:57","slug":"evelyn-salgado-visito-el-durazno-para-escuchar-de-viva-voz-demanda-de-habitantes","status":"publish","type":"post","link":"https:\/\/www.acapulcopress.com\/index.php\/2023\/03\/07\/evelyn-salgado-visito-el-durazno-para-escuchar-de-viva-voz-demanda-de-habitantes\/","title":{"rendered":"Evelyn Salgado visit\u00f3 El Durazno para escuchar de viva voz demanda de habitantes"},"content":{"rendered":"<p style=\"text-align: justify;\">COYUCA DE CATAL\u00c1N * 7 de marzo de 2023.<br \/>\n) Gobierno de Guerrero<br \/>\nEn la ruta de pacificar el estado atendiendo las causas que originan la violencia, la <img loading=\"lazy\" decoding=\"async\" class=\"alignleft size-medium wp-image-1251631\" src=\"https:\/\/www.acapulcopress.com\/wp-content\/uploads\/2023\/03\/EVELYN.DURAZNO7-375x250.jpg\" alt=\"\" width=\"375\" height=\"250\" \/>gobernadora <a href=\"https:\/\/www.facebook.com\/EvelynSalgadoP\" target=\"_blank\" rel=\"noopener\">Evelyn Salgado Pineda<\/a> visit\u00f3 la localidad de \u00abEl Durazno\u00bb, en la parte alta de la Sierra de Tierra Caliente, para atender personalmente y de manera integral las demandas de los habitantes a fin de restablecer todos los servicios e impulsar todos los programas sociales de esta zona que por m\u00e1s de 50 a\u00f1os hab\u00eda estado en el rezago y en el olvido.<\/p>\n<p style=\"text-align: justify;\">Acompa\u00f1ada por mandos militares, funcionarios estatales y la Fiscal General del Estado, la gobernadora Evelyn Salgado, refrend\u00f3 su compromiso con esta y las comunidades de esta regi\u00f3n en materia de seguridad con el apoyo de todas las fuerzas del orden a trav\u00e9s de la presencia permanente de las instituciones de manera coordinada.<\/p>\n<p style=\"text-align: justify;\">Evelyn Salgado indic\u00f3 que tambi\u00e9n continuar\u00e1 impulsando el desarrollo de la Sierra y sus <img loading=\"lazy\" decoding=\"async\" class=\"alignleft size-medium wp-image-1251630\" src=\"https:\/\/www.acapulcopress.com\/wp-content\/uploads\/2023\/03\/EVELYN.DURAZNO6-375x250.jpg\" alt=\"\" width=\"375\" height=\"250\" \/>caminos a trav\u00e9s de todos los programas sociales tanto federales como estatales para acabar con la desigualdad en la ruta de la pacificaci\u00f3n de Guerrero, atendiendo las causas que originan la violencia.<\/p>\n<p style=\"text-align: justify;\">En este di\u00e1logo con habitantes de El Durazno, la mandataria estatal entreg\u00f3 computadoras, uniformes, material did\u00e1ctico, deportivo y de limpieza a la escuela primaria y el jard\u00edn de ni\u00f1os de la localidad, adem\u00e1s de informar que realiza las gestiones para que estos pueblos puedan contar con caminos dignos y una mejor conectividad.<\/p>\n<p style=\"text-align: justify;\">\u00abLa parte social es importante pero la seguridad es a\u00fan m\u00e1s importante, entonces vengo a refrendar el compromiso de que van a estar presentes todas las fuerzas de seguridad y que <img loading=\"lazy\" decoding=\"async\" class=\"alignleft size-medium wp-image-1251627\" src=\"https:\/\/www.acapulcopress.com\/wp-content\/uploads\/2023\/03\/EVELYN.DURAZNO3-375x250.jpg\" alt=\"\" width=\"375\" height=\"250\" \/>no exista temor, este lugar tiene que ser de pacificaci\u00f3n, de tranquilidad y en un trabajo en equipo\u00bb, expres\u00f3 Evelyn Salgado.<\/p>\n<p style=\"text-align: justify;\">En su mensaje, la gobernadora destac\u00f3 la atenci\u00f3n de las dependencias del estado de salud, educaci\u00f3n, gobernaci\u00f3n y desarrollo social que se han sumado con las instancias de seguridad y procuraci\u00f3n de justicia para brindar un apoyo integral a esta localidad donde se registraron hechos violentos en meses pasados a fin de restablecer la normalidad en las actividades de sus habitantes.<\/p>\n<p style=\"text-align: justify;\">Por su parte, el Comisariado Ejidal de El Durazno, Ignacio Ch\u00e1vez y la comisar\u00eda municipal, Azucena Rosas Garc\u00eda, agradecieron a nombre de los habitantes la presencia de la <img loading=\"lazy\" decoding=\"async\" class=\"alignleft size-medium wp-image-1251625\" src=\"https:\/\/www.acapulcopress.com\/wp-content\/uploads\/2023\/03\/EVELYN.DURAZNO-375x211.jpg\" alt=\"\" width=\"375\" height=\"211\" \/>gobernadora Evelyn Salgado Pineda y de las fuerzas de orden para hacer la pacificaci\u00f3n en la localidad que por m\u00e1s de 50 a\u00f1os hab\u00edan estado en el rezago y el olvido, pues afirmaron que como padres de familia desean que sus hijos no se vayan a las filas de la delincuencia.<\/p>\n<p style=\"text-align: justify;\">La gobernadora Evelyn Salgado atendi\u00f3 personalmente a las familias v\u00edctimas de la violencia acompa\u00f1ada por la <a href=\"https:\/\/www.facebook.com\/fiscaliaguerrero\" target=\"_blank\" rel=\"noopener\">Fiscal General del Estado<\/a>, Sandra Luz Valdovinos Salmer\u00f3n, y el secretario de Seguridad P\u00fablica, Evelio M\u00e9ndez G\u00f3mez, as\u00ed como el comandante de la Novena Regi\u00f3n Militar, Ricardo Flores Gonz\u00e1lez.<\/p>\n<p style=\"text-align: justify;\">Estuvieron presentes el delegado Federal de Programas Sociales, <a href=\"https:\/\/www.facebook.com\/Ivanhernandezdi\" target=\"_blank\" rel=\"noopener\">Iv\u00e1n Hern\u00e1ndez D\u00edaz<\/a>; la secretaria de Desarrollo Social, <a href=\"https:\/\/www.facebook.com\/maricarmencabreralagunas\" target=\"_blank\" rel=\"noopener\">Maricarmen Cabrera Lagunas<\/a>; el secretario de Educaci\u00f3n Guerrero, <a href=\"https:\/\/www.facebook.com\/MarcialRodriguezS\" target=\"_blank\" rel=\"noopener\">Marcial Rodr\u00edguez Salda\u00f1a<\/a>; el secretario general de Gobierno, Ludwig Marcial Reynoso N\u00fa\u00f1ez y el delegado de gobierno de la regi\u00f3n Costa Grande, <a href=\"https:\/\/www.facebook.com\/juan.mendeznogueda.92\" target=\"_blank\" rel=\"noopener\">Juan M\u00e9ndez Nogueda<\/a>, entre otros.<\/p>\n<p><img loading=\"lazy\" decoding=\"async\" class=\"alignnone wp-image-1251626 size-large\" src=\"https:\/\/www.acapulcopress.com\/wp-content\/uploads\/2023\/03\/EVELYN.DURAZNO2-840x672.jpg\" alt=\"\" width=\"696\" height=\"557\" \/><\/p>\n<p style=\"text-align: justify;\"><em>) S\u00edguenos en Facebook.com\/<a href=\"https:\/\/www.facebook.com\/acapulcopress.news\" target=\"_blank\" rel=\"noopener\">acapulcopress.news<\/a><\/em><\/p>\n","protected":false},"excerpt":{"rendered":"<p>COYUCA DE CATAL\u00c1N * 7 de marzo de 2023. ) Gobierno de Guerrero En la ruta de pacificar el estado atendiendo las causas que originan la violencia, la gobernadora Evelyn Salgado Pineda visit\u00f3 la localidad de \u00abEl Durazno\u00bb, en la parte alta de la Sierra de Tierra Caliente, para atender personalmente y de manera integral&#8230;<\/p>\n","protected":false},"author":2,"featured_media":1251634,"comment_status":"closed","ping_status":"closed","sticky":false,"template":"","format":"standard","meta":{"footnotes":""},"categories":[1972,1983,18561],"tags":[8251,9302],"class_list":["post-1251624","post","type-post","status-publish","format-standard","has-post-thumbnail","hentry","category-special","category-guerrerogob","category-society-politics","tag-evelyn-salgado-pineda","tag-gobierno-de-guerrero"],"_links":{"self":[{"href":"https:\/\/www.acapulcopress.com\/index.php\/wp-json\/wp\/v2\/posts\/1251624","targetHints":{"allow":["GET"]}}],"collection":[{"href":"https:\/\/www.acapulcopress.com\/index.php\/wp-json\/wp\/v2\/posts"}],"about":[{"href":"https:\/\/www.acapulcopress.com\/index.php\/wp-json\/wp\/v2\/types\/post"}],"author":[{"embeddable":true,"href":"https:\/\/www.acapulcopress.com\/index.php\/wp-json\/wp\/v2\/users\/2"}],"replies":[{"embeddable":true,"href":"https:\/\/www.acapulcopress.com\/index.php\/wp-json\/wp\/v2\/comments?post=1251624"}],"version-history":[{"count":0,"href":"https:\/\/www.acapulcopress.com\/index.php\/wp-json\/wp\/v2\/posts\/1251624\/revisions"}],"wp:featuredmedia":[{"embeddable":true,"href":"https:\/\/www.acapulcopress.com\/index.php\/wp-json\/"}],"wp:attachment":[{"href":"https:\/\/www.acapulcopress.com\/index.php\/wp-json\/wp\/v2\/media?parent=1251624"}],"wp:term":[{"taxonomy":"category","embeddable":true,"href":"https:\/\/www.acapulcopress.com\/index.php\/wp-json\/wp\/v2\/categories?post=1251624"},{"taxonomy":"post_tag","embeddable":true,"href":"https:\/\/www.acapulcopress.com\/index.php\/wp-json\/wp\/v2\/tags?post=1251624"}],"curies":[{"name":"wp","href":"https:\/\/api.w.org\/{rel}","templated":true}]}}