{"id":1251638,"date":"2023-03-07T19:13:34","date_gmt":"2023-03-08T01:13:34","guid":{"rendered":"https:\/\/www.acapulcopress.com\/?p=1251638"},"modified":"2023-03-07T19:13:34","modified_gmt":"2023-03-08T01:13:34","slug":"sspgro-prepara-operativo-para-garantizar-marcha-por-el-dia-internacional-de-la-mujer","status":"publish","type":"post","link":"https:\/\/www.acapulcopress.com\/index.php\/2023\/03\/07\/sspgro-prepara-operativo-para-garantizar-marcha-por-el-dia-internacional-de-la-mujer\/","title":{"rendered":"SSPGro prepara operativo para garantizar marcha por el D\u00eda Internacional de la Mujer"},"content":{"rendered":"<p style=\"text-align: justify;\">CHILPANCINGO * 7 de marzo de 2023.<br \/>\n<em>) Gobierno de Guerrero<\/em><br \/>\nAtendiendo las instrucciones de la Gobernadora,<a href=\"https:\/\/www.facebook.com\/EvelynSalgadoP\" target=\"_blank\" rel=\"noopener\"> Evelyn Salgado Pineda<\/a>, la <a href=\"https:\/\/www.facebook.com\/sspguerrero\" target=\"_blank\" rel=\"noopener\">Secretar\u00eda de Seguridad P\u00fablica Estatal<\/a> desplegar\u00e1 un operativo de acompa\u00f1amiento para garantizar el desarrollo de las marchas por la conmemoraci\u00f3n del D\u00eda Internacional de la Mujer este 8 de marzo en toda la entidad, ello en estrecha coordinaci\u00f3n con autoridades y derechos humanos.<\/p>\n<p style=\"text-align: justify;\">El secretario de Seguridad P\u00fablica de Guerrero, Evelio M\u00e9ndez G\u00f3mez, inform\u00f3 que estas acciones forman parte de los acuerdos derivados de la X Asamblea Plenaria Ordinaria de la Conferencia Nacional de Secretarias y Secretarios de Seguridad P\u00fablica, que sesion\u00f3 de forma virtual y fue encabezada por la titular de la SSPC, Rosa Icela Rodr\u00edguez Vel\u00e1zquez.<\/p>\n<p style=\"text-align: justify;\">En seguimiento, el titular de la SSP Guerrero presidi\u00f3 una reuni\u00f3n virtual con las y los encargados de la seguridad p\u00fablica de los distintos municipios, representantes de la Comisi\u00f3n Estatal de Derechos Humanos, mandos Operativos de esta dependencia. As\u00ed como personal de Protecci\u00f3n Civil estatal y municipal y de la Secretar\u00eda de la Mujer.<\/p>\n<p style=\"text-align: justify;\">El titular de la SSP Guerrero, Evelio M\u00e9ndez G\u00f3mez se\u00f1al\u00f3 que, en el caso particular de la Polic\u00eda Estatal, ser\u00e1 el personal de la Unidad Policial de G\u00e9nero y Tr\u00e1nsito quien coadyuve durante el desarrollo de las marchas previstas en las principales ciudades como Acapulco, Zihuatanejo, Chilpancingo, Taxco, Iguala entre otras.<\/p>\n<p style=\"text-align: justify;\">\u201cEl gobierno que encabeza la maestra Evelyn Salgado Pineda promueve pol\u00edticas p\u00fablicas de g\u00e9nero y es sensible a las causas de las mujeres\u201d, dijo.<\/p>\n<p style=\"text-align: justify;\">En este operativo se contar\u00e1 con la vigilancia de videoc\u00e1maras del C5 Acapulco, C4 Chilpancingo e Iguala y el C2 de Zihuatanejo.<\/p>\n<p style=\"text-align: justify;\">El objetivo de este despliegue, coordinado con la Mesa de Construcci\u00f3n de Paz, es el de atender y dar un acompa\u00f1amiento respetuoso a todas las personas que participen en los contingentes de las marchas durante este 8M, as\u00ed como a transe\u00fantes y ciudadan\u00eda\u00a0en\u00a0general.<\/p>\n<p style=\"text-align: justify;\"><em>) S\u00edguenos en Facebook.com\/<a href=\"https:\/\/www.facebook.com\/acapulcopress.news\" target=\"_blank\" rel=\"noopener\">acapulcopress.news<\/a><\/em><\/p>\n","protected":false},"excerpt":{"rendered":"<p>CHILPANCINGO * 7 de marzo de 2023. ) Gobierno de Guerrero Atendiendo las instrucciones de la Gobernadora, Evelyn Salgado Pineda, la Secretar\u00eda de Seguridad P\u00fablica Estatal desplegar\u00e1 un operativo de acompa\u00f1amiento para garantizar el desarrollo de las marchas por la conmemoraci\u00f3n del D\u00eda Internacional de la Mujer este 8 de marzo en toda la entidad,&#8230;<\/p>\n","protected":false},"author":2,"featured_media":1251639,"comment_status":"closed","ping_status":"closed","sticky":false,"template":"","format":"standard","meta":{"footnotes":""},"categories":[1969,2005],"tags":[7222],"class_list":["post-1251638","post","type-post","status-publish","format-standard","has-post-thumbnail","hentry","category-trending","category-seguridad-y-justicia","tag-dia-internacional-de-la-mujer"],"_links":{"self":[{"href":"https:\/\/www.acapulcopress.com\/index.php\/wp-json\/wp\/v2\/posts\/1251638","targetHints":{"allow":["GET"]}}],"collection":[{"href":"https:\/\/www.acapulcopress.com\/index.php\/wp-json\/wp\/v2\/posts"}],"about":[{"href":"https:\/\/www.acapulcopress.com\/index.php\/wp-json\/wp\/v2\/types\/post"}],"author":[{"embeddable":true,"href":"https:\/\/www.acapulcopress.com\/index.php\/wp-json\/wp\/v2\/users\/2"}],"replies":[{"embeddable":true,"href":"https:\/\/www.acapulcopress.com\/index.php\/wp-json\/wp\/v2\/comments?post=1251638"}],"version-history":[{"count":0,"href":"https:\/\/www.acapulcopress.com\/index.php\/wp-json\/wp\/v2\/posts\/1251638\/revisions"}],"wp:featuredmedia":[{"embeddable":true,"href":"https:\/\/www.acapulcopress.com\/index.php\/wp-json\/"}],"wp:attachment":[{"href":"https:\/\/www.acapulcopress.com\/index.php\/wp-json\/wp\/v2\/media?parent=1251638"}],"wp:term":[{"taxonomy":"category","embeddable":true,"href":"https:\/\/www.acapulcopress.com\/index.php\/wp-json\/wp\/v2\/categories?post=1251638"},{"taxonomy":"post_tag","embeddable":true,"href":"https:\/\/www.acapulcopress.com\/index.php\/wp-json\/wp\/v2\/tags?post=1251638"}],"curies":[{"name":"wp","href":"https:\/\/api.w.org\/{rel}","templated":true}]}}