{"id":1251684,"date":"2023-03-08T17:23:24","date_gmt":"2023-03-08T23:23:24","guid":{"rendered":"https:\/\/www.acapulcopress.com\/?p=1251684"},"modified":"2023-03-08T17:23:24","modified_gmt":"2023-03-08T23:23:24","slug":"adelanta-congresogro-diagnostico-de-indices-de-violencia-contra-mujeres","status":"publish","type":"post","link":"https:\/\/www.acapulcopress.com\/index.php\/2023\/03\/08\/adelanta-congresogro-diagnostico-de-indices-de-violencia-contra-mujeres\/","title":{"rendered":"Adelanta #CongresoGro diagn\u00f3stico de \u00edndices de violencia contra mujeres"},"content":{"rendered":"<p style=\"text-align: justify;\">CHILPANCINGO * 8 de marzo de 2023.<br \/>\n<em>) Congreso de Guerrero<\/em><br \/>\nTras ofrecer a las trabajadoras del <a href=\"https:\/\/www.facebook.com\/congresogro\" target=\"_blank\" rel=\"noopener\">Congreso del Estado<\/a> todo el respaldo de las diputadas y <img loading=\"lazy\" decoding=\"async\" class=\"alignleft size-medium wp-image-1251687\" src=\"https:\/\/www.acapulcopress.com\/wp-content\/uploads\/2023\/03\/MUJERES-congresogro3-375x211.jpeg\" alt=\"\" width=\"375\" height=\"211\" \/>diputados aliados de la causa feminista, la presidenta de la Junta de Coordinaci\u00f3n Pol\u00edtica, <a href=\"https:\/\/www.facebook.com\/YoloczinDominguez\" target=\"_blank\" rel=\"noopener\">Yoloczin Dom\u00ednguez Serna<\/a>, adelant\u00f3 la realizaci\u00f3n de un diagn\u00f3stico para conocer el estatus de violencia contra las mujeres en esta instituci\u00f3n.<\/p>\n<p style=\"text-align: justify;\">Lo anterior durante un desayuno-convivio realizado en honor de las trabajadoras con motivo de la conmemoraci\u00f3n del D\u00eda Internacional de la Mujer, evento al que tambi\u00e9n asistieron las diputadas <a href=\"https:\/\/www.facebook.com\/Marben.DeLaCruz.S\" target=\"_blank\" rel=\"noopener\">Marben de la Cruz Santiago<\/a>, <a href=\"https:\/\/www.facebook.com\/MariaFloresDtto27\" target=\"_blank\" rel=\"noopener\">Mar\u00eda Flores Maldonado<\/a>, <a href=\"https:\/\/www.facebook.com\/profile.php?id=100075416697944\" target=\"_blank\" rel=\"noopener\">Susana Paola Ju\u00e1rez G\u00f3mez<\/a> y <a href=\"https:\/\/www.facebook.com\/profile.php?id=100063715794192\" target=\"_blank\" rel=\"noopener\">Elzy Camacho Pineda<\/a>, adem\u00e1s del diputado <a href=\"https:\/\/www.facebook.com\/carlos.cruzlopez.581187\" target=\"_blank\" rel=\"noopener\">Carlos Cruz L\u00f3pez<\/a>, quienes se pronunciaron de la misma forma para que, desde el Congreso, se redoblen los esfuerzos en pro del m\u00e1s amplio reconocimiento de <img loading=\"lazy\" decoding=\"async\" class=\"alignleft size-medium wp-image-1251688\" src=\"https:\/\/www.acapulcopress.com\/wp-content\/uploads\/2023\/03\/MUJERES-congresogro4-375x211.jpeg\" alt=\"\" width=\"375\" height=\"211\" \/>sus derechos y para que se erradique todo tipo de violencia hacia este sector.<\/p>\n<p style=\"text-align: justify;\">En su mensaje, Dom\u00ednguez Serna fue enf\u00e1tica: \u201cYa basta de guardar silencio; no est\u00e1n solas, amigas colaboradoras; cuentan con todo el apoyo de cada una de las diputadas, de la presidenta de la Junta de Coordinaci\u00f3n Pol\u00edtica y de los diputados aliados, ante cualquier caso de opresi\u00f3n\u201d.<\/p>\n<p style=\"text-align: justify;\">Abund\u00f3 que es un timbre de orgullo contar con m\u00e1s del 60 por ciento de mujeres en la plantilla laboral del Congreso, aunado a la conformaci\u00f3n paritaria de la legislatura, cuyas curules son ocupadas por mitad hombres y mitad mujeres, sin contar que hay muchas <img loading=\"lazy\" decoding=\"async\" class=\"alignleft size-medium wp-image-1251689\" src=\"https:\/\/www.acapulcopress.com\/wp-content\/uploads\/2023\/03\/MUJERES-congresogro5-375x211.jpeg\" alt=\"\" width=\"375\" height=\"211\" \/>presidentas municipales, s\u00edndicas y regidoras en los municipios.<\/p>\n<p style=\"text-align: justify;\">\u201cA cuentagotas, pero hemos ido avanzando y hoy se ve reflejada la lucha de muchos a\u00f1os emprendida por mujeres guerreras que dejaron su vida para que hoy nosotras podamos alzar la voz desde lugares representativos del \u00e1mbito p\u00fablico\u201d, manifest\u00f3.<\/p>\n<p style=\"text-align: justify;\">Refiri\u00f3, asimismo, la gran trascendencia de contar por primera vez con una mujer gobernadora del estado. \u00bfCu\u00e1ndo nos imaginamos que una mujer podr\u00eda representar a este maravilloso y bronco estado? Eso, sin duda, es un paso enorme en la lucha que hasta el d\u00eda de hoy mantenemos vigente las mujeres en pro del reconocimiento de nuestros derechos\u201d, resalt\u00f3.<\/p>\n<p style=\"text-align: justify;\">Luego de referir la tragedia de hace 115 a\u00f1os que dio origen a la conmemoraci\u00f3n del D\u00eda Internacional de la Mujer, el 8 de marzo de 1857, cuando trabajadoras textiles de Nueva York fueron masacradas por la polic\u00eda por exigir mejores condiciones laborales y salarios, Yoloczin Dom\u00ednguez subray\u00f3 que la mejor manera de seguir honrando ese sacrificio es \u201cno quedarnos calladas. Ustedes, amigas colaboradoras del Congreso, cuentan con diputadas y diputados aliados. Debemos alzar la voz y oponernos a seguir siendo violentadas\u201d.<\/p>\n<p style=\"text-align: justify;\">Revel\u00f3 que, \u201ctristemente\u201d, a\u00fan prevalece la violencia contra trabajadoras del Congreso, ante lo cual adelant\u00f3, en conjunto con la Unidad para la Igualdad de G\u00e9nero, la implementaci\u00f3n de un diagn\u00f3stico para conocer los \u00edndices de violencia en la instituci\u00f3n, y tomar cartas en el asunto.<\/p>\n<p style=\"text-align: justify;\"><em>) S\u00edguenos en Facebook.com\/<a href=\"https:\/\/www.facebook.com\/acapulcopress.news\" target=\"_blank\" rel=\"noopener\">acapulcopress.news<\/a><\/em><\/p>\n","protected":false},"excerpt":{"rendered":"<p>CHILPANCINGO * 8 de marzo de 2023. ) Congreso de Guerrero Tras ofrecer a las trabajadoras del Congreso del Estado todo el respaldo de las diputadas y diputados aliados de la causa feminista, la presidenta de la Junta de Coordinaci\u00f3n Pol\u00edtica, Yoloczin Dom\u00ednguez Serna, adelant\u00f3 la realizaci\u00f3n de un diagn\u00f3stico para conocer el estatus de&#8230;<\/p>\n","protected":false},"author":2,"featured_media":1251686,"comment_status":"closed","ping_status":"closed","sticky":false,"template":"","format":"standard","meta":{"footnotes":""},"categories":[61,18561],"tags":[5182,6370,7874,12432,12579,16946,18260],"class_list":["post-1251684","post","type-post","status-publish","format-standard","has-post-thumbnail","hentry","category-legislacion","category-society-politics","tag-carlos-cruz-lopez","tag-congreso-de-guerrero","tag-elzy-camacho-pineda","tag-marben-de-la-cruz-santiago","tag-maria-flores-maldonado","tag-susana-paola-juarez-gomez","tag-yoloczin-dominguez-serna"],"_links":{"self":[{"href":"https:\/\/www.acapulcopress.com\/index.php\/wp-json\/wp\/v2\/posts\/1251684","targetHints":{"allow":["GET"]}}],"collection":[{"href":"https:\/\/www.acapulcopress.com\/index.php\/wp-json\/wp\/v2\/posts"}],"about":[{"href":"https:\/\/www.acapulcopress.com\/index.php\/wp-json\/wp\/v2\/types\/post"}],"author":[{"embeddable":true,"href":"https:\/\/www.acapulcopress.com\/index.php\/wp-json\/wp\/v2\/users\/2"}],"replies":[{"embeddable":true,"href":"https:\/\/www.acapulcopress.com\/index.php\/wp-json\/wp\/v2\/comments?post=1251684"}],"version-history":[{"count":0,"href":"https:\/\/www.acapulcopress.com\/index.php\/wp-json\/wp\/v2\/posts\/1251684\/revisions"}],"wp:featuredmedia":[{"embeddable":true,"href":"https:\/\/www.acapulcopress.com\/index.php\/wp-json\/"}],"wp:attachment":[{"href":"https:\/\/www.acapulcopress.com\/index.php\/wp-json\/wp\/v2\/media?parent=1251684"}],"wp:term":[{"taxonomy":"category","embeddable":true,"href":"https:\/\/www.acapulcopress.com\/index.php\/wp-json\/wp\/v2\/categories?post=1251684"},{"taxonomy":"post_tag","embeddable":true,"href":"https:\/\/www.acapulcopress.com\/index.php\/wp-json\/wp\/v2\/tags?post=1251684"}],"curies":[{"name":"wp","href":"https:\/\/api.w.org\/{rel}","templated":true}]}}