{"id":1251691,"date":"2023-03-08T17:42:35","date_gmt":"2023-03-08T23:42:35","guid":{"rendered":"https:\/\/www.acapulcopress.com\/?p=1251691"},"modified":"2023-03-08T17:42:35","modified_gmt":"2023-03-08T23:42:35","slug":"asistio-eleyn-salgado-a-acto-oficial-del-dia-internacional-de-la-mujer-en-cdmx","status":"publish","type":"post","link":"https:\/\/www.acapulcopress.com\/index.php\/2023\/03\/08\/asistio-eleyn-salgado-a-acto-oficial-del-dia-internacional-de-la-mujer-en-cdmx\/","title":{"rendered":"Asisti\u00f3 Eleyn Salgado a acto oficial del D\u00eda Internacional de la Mujer en CdMx"},"content":{"rendered":"<p style=\"text-align: justify;\">CIUDAD DE M\u00c9XICO * 8 de marzo de 2023.<br \/>\n) Gobierno de Guerrero<br \/>\n<img loading=\"lazy\" decoding=\"async\" class=\"alignleft size-medium wp-image-1251692\" src=\"https:\/\/www.acapulcopress.com\/wp-content\/uploads\/2023\/03\/EVELYN.CDMX_-375x260.jpg\" alt=\"\" width=\"375\" height=\"260\" \/>La gobernadora <a href=\"https:\/\/www.facebook.com\/EvelynSalgadoP\" target=\"_blank\" rel=\"noopener\">Evelyn Salgado Pineda<\/a> asisti\u00f3 al acto oficial para conmemorar el <em>D\u00eda Internacional de la Mujer,<\/em> el cual estuvo encabezado por el presidente de la Rep\u00fablica, <a href=\"https:\/\/www.facebook.com\/lopezobrador.org.mx\" target=\"_blank\" rel=\"noopener\">Andr\u00e9s Manuel L\u00f3pez Obrador<\/a>, junto con mujeres transformadoras de M\u00e9xico, donde se sum\u00f3 a los compromisos para garantizar las libertades y consolidar la justicia social por la igualdad de derechos entre hombres\u00a0y\u00a0mujeres.<\/p>\n<p><em>) S\u00edguenos en Facebook.com\/a<a href=\"https:\/\/www.facebook.com\/acapulcopress.news\" target=\"_blank\" rel=\"noopener\">capulcopress.news<\/a><\/em><\/p>\n","protected":false},"excerpt":{"rendered":"<p>CIUDAD DE M\u00c9XICO * 8 de marzo de 2023. ) Gobierno de Guerrero La gobernadora Evelyn Salgado Pineda asisti\u00f3 al acto oficial para conmemorar el D\u00eda Internacional de la Mujer, el cual estuvo encabezado por el presidente de la Rep\u00fablica, Andr\u00e9s Manuel L\u00f3pez Obrador, junto con mujeres transformadoras de M\u00e9xico, donde se sum\u00f3 a los&#8230;<\/p>\n","protected":false},"author":2,"featured_media":1251693,"comment_status":"closed","ping_status":"closed","sticky":false,"template":"","format":"standard","meta":{"footnotes":""},"categories":[1972,1983,18561],"tags":[7222,8251],"class_list":["post-1251691","post","type-post","status-publish","format-standard","has-post-thumbnail","hentry","category-special","category-guerrerogob","category-society-politics","tag-dia-internacional-de-la-mujer","tag-evelyn-salgado-pineda"],"_links":{"self":[{"href":"https:\/\/www.acapulcopress.com\/index.php\/wp-json\/wp\/v2\/posts\/1251691","targetHints":{"allow":["GET"]}}],"collection":[{"href":"https:\/\/www.acapulcopress.com\/index.php\/wp-json\/wp\/v2\/posts"}],"about":[{"href":"https:\/\/www.acapulcopress.com\/index.php\/wp-json\/wp\/v2\/types\/post"}],"author":[{"embeddable":true,"href":"https:\/\/www.acapulcopress.com\/index.php\/wp-json\/wp\/v2\/users\/2"}],"replies":[{"embeddable":true,"href":"https:\/\/www.acapulcopress.com\/index.php\/wp-json\/wp\/v2\/comments?post=1251691"}],"version-history":[{"count":0,"href":"https:\/\/www.acapulcopress.com\/index.php\/wp-json\/wp\/v2\/posts\/1251691\/revisions"}],"wp:featuredmedia":[{"embeddable":true,"href":"https:\/\/www.acapulcopress.com\/index.php\/wp-json\/"}],"wp:attachment":[{"href":"https:\/\/www.acapulcopress.com\/index.php\/wp-json\/wp\/v2\/media?parent=1251691"}],"wp:term":[{"taxonomy":"category","embeddable":true,"href":"https:\/\/www.acapulcopress.com\/index.php\/wp-json\/wp\/v2\/categories?post=1251691"},{"taxonomy":"post_tag","embeddable":true,"href":"https:\/\/www.acapulcopress.com\/index.php\/wp-json\/wp\/v2\/tags?post=1251691"}],"curies":[{"name":"wp","href":"https:\/\/api.w.org\/{rel}","templated":true}]}}