{"id":1251695,"date":"2023-03-09T17:53:27","date_gmt":"2023-03-09T23:53:27","guid":{"rendered":"https:\/\/www.acapulcopress.com\/?p=1251695"},"modified":"2023-03-09T17:53:27","modified_gmt":"2023-03-09T23:53:27","slug":"uagro-el-pastel-envenenado-de-la-unidad","status":"publish","type":"post","link":"https:\/\/www.acapulcopress.com\/index.php\/2023\/03\/09\/uagro-el-pastel-envenenado-de-la-unidad\/","title":{"rendered":"UAGro | El pastel envenenado de la unidad"},"content":{"rendered":"<p style=\"text-align: justify;\">Marem\u00e1gnum<br \/>\n\u00bb <strong>RICARDO<\/strong> | <strong>CASTILLO BARRIENTOS<\/strong><br \/>\n<em>) Facebook: @<a href=\"https:\/\/www.facebook.com\/ricardocastill01\" target=\"_blank\" rel=\"noopener\">Ricardo Castillo Barrientos<\/a><\/em><\/p>\n<p style=\"text-align: justify;\">Ante la eminente emisi\u00f3n de la convocatoria para \u201celecci\u00f3n\u201d de rector, \u00e9sta se expedir\u00e1 cuando el rector de facto, <a href=\"https:\/\/www.facebook.com\/JavSaldana\" target=\"_blank\" rel=\"noopener\">Javier Salda\u00f1a Almaz\u00e1n<\/a>, haya culminado sus recorridos y alianzas convenencieras por las diversas escuelas y facultades de esta instituci\u00f3n de educaci\u00f3n superior, en una anticipada y ventajosa campa\u00f1a electoral, al margen de la Ley Org\u00e1nica de la <a href=\"https:\/\/www.facebook.com\/UAGro.MX.Oficial\" target=\"_blank\" rel=\"noopener\">Universidad Aut\u00f3noma de Guerrero<\/a> (UAGro).<\/p>\n<p style=\"text-align: justify;\">Es un hecho que Salda\u00f1a Almaz\u00e1n ocupar\u00e1 por tercera ocasi\u00f3n la rector\u00eda universitaria, sin que nadie le haga un contrapeso real a sus pretensiones, a fin de seguir dominando e imponiendo su voluntad para mantener el control absoluto de la M\u00e1xima Casa de Estudios.<\/p>\n<p style=\"text-align: justify;\">Personajes de talla pol\u00edtica estatal y nacional han desnudado la personalidad de Salda\u00f1a Almaz\u00e1n, como el ex gobernador<a href=\"https:\/\/www.facebook.com\/ZeferinoTorreblancaG\" target=\"_blank\" rel=\"noopener\"> Zeferino Torreblanca<\/a>, quien lo se\u00f1al\u00f3 como el rector m\u00e1s rico del pa\u00eds, o como \u00c1ngel Aguirre que pregunt\u00f3: \u201c\u00bfC\u00f3mo un rector de una universidad tan pobre como la nuestra pueda comprar caballos de dos o tres millones de pesos?. La Universidad Aut\u00f3noma de Guerrero debe ser sometida a una minuciosa auditor\u00eda; que se investiguen las propiedades del rector Javier Salda\u00f1a y se conocer\u00e1n muchas cosas\u201d.<\/p>\n<p style=\"text-align: justify;\">En su turno, el senador <a href=\"https:\/\/www.facebook.com\/FelixSalgadoMX\" target=\"_blank\" rel=\"noopener\">F\u00e9lix Salgado<\/a> no se anduvo entre las ramas y afirm\u00f3 categ\u00f3ricamente: \u201cNo puede ser que haya un pueblo pobre con un gobernante rico; ni puede ser que haya una universidad pobre, donde se rechazan a los j\u00f3venes estudiantes, con un rector rico, tampoco se puede\u201d.<\/p>\n<p style=\"text-align: justify;\">El presidente L\u00f3pez Obrador en sus conferencias ma\u00f1aneras ha reprobado a los rectores que se perpet\u00faan en el cargo (caciques) y son due\u00f1os de escuelas privadas (<a href=\"https:\/\/www.indesag.com\/\" target=\"_blank\" rel=\"noopener\">Indesag<\/a>) y adem\u00e1s reciben moches por las construcciones escolares (campus acad\u00e9micos).<\/p>\n<p style=\"text-align: justify;\">En fin, del dominio p\u00fablico es la riqueza desmedida del rector de facto, que va por su tercer periodo, que habr\u00e1 de conquistar repartiendo un pastel envenenado entre sus adl\u00e1teres o dirigentes de organizaciones o membretes sin representaci\u00f3n universitaria.<\/p>\n<p style=\"text-align: justify;\">El resquebrajamiento y la oposici\u00f3n interna dentro del Frente Reforma Democr\u00e1tica de la Universidad Aut\u00f3noma de Guerrero (Fredeuag), no ser\u00e1n obst\u00e1culo para convertirse en el pr\u00f3ximo tri-rector, como lo fue el doctor Rosal\u00edo Wences Reza, con la salvedad que \u00e9ste \u2013cuando menos- dejaba pasar un periodo. Salda\u00f1a no, va por tres al hilo, para ello tuvo que modificar la Ley Org\u00e1nica a modo, imponiendo candados que no permiten el registro de otros candidatos y as\u00ed erigirse como el candidato de la unidad, repartiendo el pastel envenenado con cargos en la administraci\u00f3n, plazas, categor\u00edas, horas-clase y todo tipo de prebendas y canonj\u00edas habidas y por haber en la UAGro.<\/p>\n<p style=\"text-align: justify;\">No hay ninguna forma de impedir que Salda\u00f1a Almaz\u00e1n se salga con la suya. Solo ser\u00eda posible siempre y cuando surgiera un gran movimiento estudiantil como en 1972, cuando el rector Jaime Castrej\u00f3n D\u00edez, trat\u00f3 de imponer al doctor Juan Jos\u00e9 Rojo Colinas y la comunidad estudiantil se levant\u00f3 y no lo permiti\u00f3, y opt\u00f3 por el doctor Wences Reza. Fue un gran movimiento orquestado por la Federaci\u00f3n Estudiantil Universitaria Guerrerense (FEUG), que actualmente est\u00e1 cadav\u00e9rica para beneficio del rector de facto. Solo un movimiento estudiantil de esa envergadura podr\u00eda echarlo del poder y evitar que no se eternice en el tim\u00f3n universitario.<\/p>\n<p style=\"text-align: justify;\"><strong>Marea Baja.<\/strong> &#8211; Ayer fue un gran d\u00eda en el mundo entero por la conmemoraci\u00f3n del <em>D\u00eda Internacional de la Mujer<\/em>, instituido por la ONU, en el a\u00f1o de 1975.<\/p>\n<p style=\"text-align: justify;\">Las mujeres mexicanas afirman, que en esta importante fecha no hay nada que celebrar, al contrario, que sirva para exigir y demandar respeten su integridad y derechos humanos y sociales. No les falta raz\u00f3n y a eso se deben las reacciones violentas en las manifestaciones p\u00fablicas. Ni felicitaciones, ni flores, tampoco las ma\u00f1anitas. Nuestra solidaridad invariable y permanente los 365 d\u00edas del a\u00f1o, para todas las mujeres mexicanas y del mundo, en sus diferentes \u00e1mbitos en la humanidad.<\/p>\n<p style=\"text-align: justify;\"><strong>Marea Alta.-<\/strong> La UPOEG ha reducido su campo de acci\u00f3n en varias comunidades donde ven\u00eda operando con normalidad desde hace varios a\u00f1os. En El Ocotito fueron desplazados por la fuerza p\u00fablica estatal y tambi\u00e9n en algunos municipios de la Costa Chica; lo mismo el Frente Unido por la Seguridad y el Desarrollo del Estado de Guerrero (FUSDEG) en Tierra Colorada.<\/p>\n<p style=\"text-align: justify;\">Estas comunidades estaban pacificadas, solo se daban incursiones de <em>Los Ardillos<\/em> en El Ocotito, cobrando v\u00edctimas del bando de la UPOEG. Ser\u00e1 encomiable que la decisi\u00f3n de la gobernadora Evelyn Salgado, surta efectos y mantenga la tranquilidad permanente para el gozo de las familias que habitan en esas comunidades.<\/p>\n<p style=\"text-align: justify;\"><strong>Maremoto.-<\/strong> La comidilla de estos d\u00edas han significado las reuniones pol\u00edticas que ha sostenido el senador F\u00e9lix Salgado con <a href=\"https:\/\/www.facebook.com\/Pablo.Sandoval.Ballesteros\" target=\"_blank\" rel=\"noopener\">Pablo Am\u00edlcar Sandoval<\/a> y <a href=\"https:\/\/www.facebook.com\/DavidJimenezRumbo\" target=\"_blank\" rel=\"noopener\">David Jim\u00e9nez Rumbo<\/a>.<br \/>\nPablo Am\u00edlcar se hab\u00eda auto desterrado del escenario pol\u00edtico estatal y en particular de su distrito electoral; ahora se hizo el aparecido ante el advenimiento del pr\u00f3ximo proceso electoral y apuntarse a la alcald\u00eda de Acapulco o repetir como legislador federal. Desde ya, se le vino a cuadrar a su nuevo jefe pol\u00edtico.<\/p>\n<p style=\"text-align: justify;\">Qui\u00e9n no canta mal las rancheras es David Jim\u00e9nez Rumbo. Hizo su reaparici\u00f3n despu\u00e9s de estar sumergido en el ostracismo pol\u00edtico. Ha levantado la mano para postularse en alg\u00fan cargo de elecci\u00f3n popular en el 24, con el apoyo del mandam\u00e1s guerrerense. Con estas joyitas de la pol\u00edtica estatal, Guerrero continuar\u00e1 inmerso en el subdesarrollo pol\u00edtico.<\/p>\n<p style=\"text-align: justify;\"><em>) S\u00edguenos en Facebook.com\/<a href=\"https:\/\/www.facebook.com\/acapulcopress.news\" target=\"_blank\" rel=\"noopener\">acapulcopress.news<\/a><\/em><\/p>\n","protected":false},"excerpt":{"rendered":"<p>Marem\u00e1gnum \u00bb RICARDO | CASTILLO BARRIENTOS ) Facebook: @Ricardo Castillo Barrientos Ante la eminente emisi\u00f3n de la convocatoria para \u201celecci\u00f3n\u201d de rector, \u00e9sta se expedir\u00e1 cuando el rector de facto, Javier Salda\u00f1a Almaz\u00e1n, haya culminado sus recorridos y alianzas convenencieras por las diversas escuelas y facultades de esta instituci\u00f3n de educaci\u00f3n superior, en una anticipada&#8230;<\/p>\n","protected":false},"author":2,"featured_media":1251696,"comment_status":"closed","ping_status":"closed","sticky":false,"template":"","format":"standard","meta":{"footnotes":""},"categories":[1972,2071,1991],"tags":[8956,10206,10644,12069,12503,15575,17463],"class_list":["post-1251695","post","type-post","status-publish","format-standard","has-post-thumbnail","hentry","category-special","category-opinion-analisis-columnas","category-libertad-de-expresion","tag-frente-reforma-democratica-de-la-universidad-autonoma-de-guerrero-fredeuag","tag-instituto-de-desarrollo-salvador-allende-gossens-indesag","tag-javier-saldana-almazan","tag-los-ardillos","tag-maremagnum","tag-ricardo-castillo-barrientos","tag-uagro"],"_links":{"self":[{"href":"https:\/\/www.acapulcopress.com\/index.php\/wp-json\/wp\/v2\/posts\/1251695","targetHints":{"allow":["GET"]}}],"collection":[{"href":"https:\/\/www.acapulcopress.com\/index.php\/wp-json\/wp\/v2\/posts"}],"about":[{"href":"https:\/\/www.acapulcopress.com\/index.php\/wp-json\/wp\/v2\/types\/post"}],"author":[{"embeddable":true,"href":"https:\/\/www.acapulcopress.com\/index.php\/wp-json\/wp\/v2\/users\/2"}],"replies":[{"embeddable":true,"href":"https:\/\/www.acapulcopress.com\/index.php\/wp-json\/wp\/v2\/comments?post=1251695"}],"version-history":[{"count":0,"href":"https:\/\/www.acapulcopress.com\/index.php\/wp-json\/wp\/v2\/posts\/1251695\/revisions"}],"wp:featuredmedia":[{"embeddable":true,"href":"https:\/\/www.acapulcopress.com\/index.php\/wp-json\/"}],"wp:attachment":[{"href":"https:\/\/www.acapulcopress.com\/index.php\/wp-json\/wp\/v2\/media?parent=1251695"}],"wp:term":[{"taxonomy":"category","embeddable":true,"href":"https:\/\/www.acapulcopress.com\/index.php\/wp-json\/wp\/v2\/categories?post=1251695"},{"taxonomy":"post_tag","embeddable":true,"href":"https:\/\/www.acapulcopress.com\/index.php\/wp-json\/wp\/v2\/tags?post=1251695"}],"curies":[{"name":"wp","href":"https:\/\/api.w.org\/{rel}","templated":true}]}}