{"id":1251701,"date":"2023-03-09T18:38:35","date_gmt":"2023-03-10T00:38:35","guid":{"rendered":"https:\/\/www.acapulcopress.com\/?p=1251701"},"modified":"2023-03-09T18:38:35","modified_gmt":"2023-03-10T00:38:35","slug":"presenta-evelyn-salgado-aplicacion-movil-de-atencion-inmediata-a-mujeres-en-peligro","status":"publish","type":"post","link":"https:\/\/www.acapulcopress.com\/index.php\/2023\/03\/09\/presenta-evelyn-salgado-aplicacion-movil-de-atencion-inmediata-a-mujeres-en-peligro\/","title":{"rendered":"Presenta Evelyn Salgado aplicaci\u00f3n m\u00f3vil de atenci\u00f3n inmediata a mujeres en peligro"},"content":{"rendered":"<p style=\"text-align: justify;\">CHILPANCINGO * 8 de marzo de 2023.<br \/>\n<em>) Gobierno de Guerrero<\/em><br \/>\nCon la finalidad de garantizar una vida libre de violencia en Guerrero, la gobernadora <a href=\"https:\/\/www.facebook.com\/EvelynSalgadoP\" target=\"_blank\" rel=\"noopener\">Evelyn Salgado Pineda<\/a> present\u00f3 la Aplicaci\u00f3n Digital \u00abProtocolo Violeta\u00bb, como una <img loading=\"lazy\" decoding=\"async\" class=\"alignleft size-medium wp-image-1251706\" src=\"https:\/\/www.acapulcopress.com\/wp-content\/uploads\/2023\/03\/PROCOLOLO-VIOLETA-APPGRO4-375x563.jpg\" alt=\"\" width=\"375\" height=\"563\" \/>herramienta tecnol\u00f3gica gratuita para atender de forma inmediata cualquier emergencia bajo una estrategia integral de asistencia para fortalecer la seguridad, integridad y bienestar de las mujeres.<\/p>\n<p style=\"text-align: justify;\">En el marco del <em>D\u00eda Internacional de la Mujer,<\/em> la gobernadora reiter\u00f3 que en Guerrero no se dar\u00e1 ni un paso atr\u00e1s en la lucha por la igualdad sustantiva en la lucha contra la violencia de g\u00e9nero y ni un paso atr\u00e1s en el compromiso de hacer de este estado un santuario para todas las mujeres, ni\u00f1as y j\u00f3venes.<\/p>\n<p style=\"text-align: justify;\">Desde la casa del pueblo, la mandataria estatal dijo que esta nueva aplicaci\u00f3n digital \u00abProtocolo Violeta\u00bb estar\u00e1 disponible de manera gratuita en los dispositivos m\u00f3viles para que pueda ser utilizada por todas las mujeres como un canal de comunicaci\u00f3n alternativo que va a permitir reportar una emergencia de manera directa e inmediata para su protecci\u00f3n como un modelo \u00fanico en el pa\u00eds.<\/p>\n<p style=\"text-align: justify;\">Esta aplicaci\u00f3n fortalece los trabajos que ya se han realizado en Guerrero bajo el esquema de Protocolo Violeta que integra los programas de Alerta Violeta que ha tenido una <img loading=\"lazy\" decoding=\"async\" class=\"alignleft size-medium wp-image-1251710\" src=\"https:\/\/www.acapulcopress.com\/wp-content\/uploads\/2023\/03\/PROCOLOLO-VIOLETA-APPGRO8-375x563.jpg\" alt=\"\" width=\"375\" height=\"563\" \/>efectividad del 92 por ciento en la localizaci\u00f3n de los casos reportados, as\u00ed como la operaci\u00f3n del Transporte Violeta para combatir el acoso hacia las mujeres como un transporte seguro, adem\u00e1s del denominado Territorio Violeta que integral botones de auxilio en pol\u00edgonos de alta incidencia delictiva para las mujeres.<\/p>\n<p style=\"text-align: justify;\">Dijo que su compromiso con las mujeres se materializa con una inversi\u00f3n hist\u00f3rica de m\u00e1s de 30 millones de pesos en los programas para erradicar la violencia contra las mujeres a trav\u00e9s de los centros de atenci\u00f3n especializada, as\u00ed como en el programa de apoyo productivo para el desarrollo integral de las mujeres en situaciones de vulnerabilidad y para atender las dos alertas por violencia de g\u00e9nero, adem\u00e1s en la prevenci\u00f3n de los matrimonios forzados, pues afirm\u00f3 que en Guerrero no se permitir\u00e1 esta pr\u00e1ctica que afecta a las ni\u00f1as de Guerrero.<\/p>\n<p style=\"text-align: justify;\">Al evento asistieron funcionarios p\u00fablicos, activistas, as\u00ed como sociedad civil, la mandataria estatal tambi\u00e9n present\u00f3 las herramientas Gu\u00eda Violeta, Asistencia Violeta que son nuevos componentes del Protocolo Violeta que contempla el seguimiento a las ni\u00f1as, adolescentes y mujeres con la colaboraci\u00f3n de 10 dependencias de gobierno que fortalece la perspectiva <img loading=\"lazy\" decoding=\"async\" class=\"alignleft size-medium wp-image-1251709\" src=\"https:\/\/www.acapulcopress.com\/wp-content\/uploads\/2023\/03\/PROCOLOLO-VIOLETA-APPGRO7-375x231.jpg\" alt=\"\" width=\"375\" height=\"231\" \/>de obligaci\u00f3n permanente, no revictimizaci\u00f3n y no discriminaci\u00f3n.<\/p>\n<p style=\"text-align: justify;\">En el evento tambi\u00e9n se realiz\u00f3 una feria multidisciplinaria con m\u00e1s de 18 stands de servicios para mujeres servidoras p\u00fablicas con la participaci\u00f3n del sistema Estatal del Registro Civil, Sistema DIF, Tribunal Superior de Justicia, Instituto de Seguridad Social de los Servidores Pu\u0301blicos, Instituto Guerrerense para la Atencio\u0301n de las Personas Adultas Mayores, Libreri\u0301a Educal, UAGro, instituto de Capacitacio\u0301n para el Trabajo del Estado de Guerrero, entre otros.<\/p>\n<p style=\"text-align: justify;\">Por su parte, el secretario t\u00e9cnico de la gobernadora, Pablo Gordillo Oliveros, expuso que con estas nuevas estrategias en los diferentes componentes del Protocolo Violeta Guerrero avanza en una agenda progresista con igualdad de derechos para todas las mujeres con resultados tangibles.<\/p>\n<p style=\"text-align: justify;\">Por su parte, el secretario t\u00e9cnico de la gobernadora, Pablo Gordillo Oliveros, expuso que con estas nuevas estrategias en los diferentes componentes del Protocolo Violeta Guerrero avanza en una agenda progresista con igualdad de derechos para todas las mujeres con resultados tangibles.<\/p>\n<p style=\"text-align: justify;\">\u00abEst\u00e1 aplicaci\u00f3n pone al servicio la herramienta m\u00e1s para su seguridad, al tiempo de que provee informaci\u00f3n importante a las autoridades quienes tendr\u00e1n acceso inmediato de quien reporta y el seguimiento de su localizaci\u00f3n para facilitar la localizaci\u00f3n de la joven que est\u00e1 padeciendo alg\u00fan delito para tener un mejor resultado\u00bb, explic\u00f3 Pablo Gordillo.<\/p>\n<p style=\"text-align: justify;\">El secretario general de Gobierno, Ludwig Marcial Reynoso, puntualiz\u00f3 que este estado hace lo propio en materia de g\u00e9nero para prevenir, sancionar y erradicar la violencia hacia las mujeres por lo que Guerrero es el primer estado de la Rep\u00fablica en tener un modelo \u00fanico para atender de manera inmediata la violencia contra la mujer.<\/p>\n<p style=\"text-align: justify;\">Asistieron al evento la Secretaria de la Mujer, Violeta Pino Gir\u00f3n, as\u00ed como la Fiscal General del Estado, Sandra Luz Valdovinos Salmer\u00f3n; la Presidenta de la Mesa Directiva del Congreso del Estado,<a href=\"https:\/\/www.facebook.com\/profile.php?id=100076222897427\" target=\"_blank\" rel=\"noopener\"> Yanelly Hern\u00e1ndez Mart\u00ednez<\/a>; la diputada <a href=\"https:\/\/www.facebook.com\/YoloczinDominguez\" target=\"_blank\" rel=\"noopener\">Yoloczin Dom\u00ednguez Serna<\/a>; la alcaldesa de Chilpancingo, <a href=\"https:\/\/www.facebook.com\/NormaOtiliaHernandez\" target=\"_blank\" rel=\"noopener\">Norma Otilia Hern\u00e1ndez Mart\u00ednez<\/a>.<\/p>\n<p style=\"text-align: justify;\">As\u00ed como el Presidente del Tribunal Superior de Justicia, <a href=\"https:\/\/www.facebook.com\/profile.php?id=100077968715353\" target=\"_blank\" rel=\"noopener\">Raymundo Casarrubias V\u00e1zquez<\/a>; Evelyn Trasvi\u00f1a L\u00f3pez coordinadora de Estudios e Investigaciones para la Erradicaci\u00f3n de la Violencia de la CONAVIM; el senador <a href=\"https:\/\/www.facebook.com\/FelixSalgadoMX\" target=\"_blank\" rel=\"noopener\">F\u00e9lix Salgado Macedonio<\/a>; la Presidenta de la Comisi\u00f3n Estatal de Derechos Humanos,<a href=\"https:\/\/www.facebook.com\/CeciliaNarcisoG\" target=\"_blank\" rel=\"noopener\"> Cecilia Narciso Gayt\u00e1n<\/a>,\u00a0entre\u00a0otros.<\/p>\n<p style=\"text-align: justify;\"><em>) S\u00edguenos en Facebook.com\/<a href=\"https:\/\/www.facebook.com\/acapulcopress.news\" target=\"_blank\" rel=\"noopener\">acapulcopress.news<\/a><\/em><\/p>\n","protected":false},"excerpt":{"rendered":"<p>CHILPANCINGO * 8 de marzo de 2023. ) Gobierno de Guerrero Con la finalidad de garantizar una vida libre de violencia en Guerrero, la gobernadora Evelyn Salgado Pineda present\u00f3 la Aplicaci\u00f3n Digital \u00abProtocolo Violeta\u00bb, como una herramienta tecnol\u00f3gica gratuita para atender de forma inmediata cualquier emergencia bajo una estrategia integral de asistencia para fortalecer la&#8230;<\/p>\n","protected":false},"author":2,"featured_media":1251702,"comment_status":"closed","ping_status":"closed","sticky":false,"template":"","format":"standard","meta":{"footnotes":""},"categories":[1972,1983,18561],"tags":[8251,15110],"class_list":["post-1251701","post","type-post","status-publish","format-standard","has-post-thumbnail","hentry","category-special","category-guerrerogob","category-society-politics","tag-evelyn-salgado-pineda","tag-protocolo-violeta-guerrero"],"_links":{"self":[{"href":"https:\/\/www.acapulcopress.com\/index.php\/wp-json\/wp\/v2\/posts\/1251701","targetHints":{"allow":["GET"]}}],"collection":[{"href":"https:\/\/www.acapulcopress.com\/index.php\/wp-json\/wp\/v2\/posts"}],"about":[{"href":"https:\/\/www.acapulcopress.com\/index.php\/wp-json\/wp\/v2\/types\/post"}],"author":[{"embeddable":true,"href":"https:\/\/www.acapulcopress.com\/index.php\/wp-json\/wp\/v2\/users\/2"}],"replies":[{"embeddable":true,"href":"https:\/\/www.acapulcopress.com\/index.php\/wp-json\/wp\/v2\/comments?post=1251701"}],"version-history":[{"count":0,"href":"https:\/\/www.acapulcopress.com\/index.php\/wp-json\/wp\/v2\/posts\/1251701\/revisions"}],"wp:featuredmedia":[{"embeddable":true,"href":"https:\/\/www.acapulcopress.com\/index.php\/wp-json\/"}],"wp:attachment":[{"href":"https:\/\/www.acapulcopress.com\/index.php\/wp-json\/wp\/v2\/media?parent=1251701"}],"wp:term":[{"taxonomy":"category","embeddable":true,"href":"https:\/\/www.acapulcopress.com\/index.php\/wp-json\/wp\/v2\/categories?post=1251701"},{"taxonomy":"post_tag","embeddable":true,"href":"https:\/\/www.acapulcopress.com\/index.php\/wp-json\/wp\/v2\/tags?post=1251701"}],"curies":[{"name":"wp","href":"https:\/\/api.w.org\/{rel}","templated":true}]}}