{"id":1251718,"date":"2023-03-10T10:33:19","date_gmt":"2023-03-10T16:33:19","guid":{"rendered":"https:\/\/www.acapulcopress.com\/?p=1251718"},"modified":"2023-03-10T10:33:19","modified_gmt":"2023-03-10T16:33:19","slug":"8-muertos-deja-tiroteo-en-congregacion-alemana-de-los-testigos-de-jehova","status":"publish","type":"post","link":"https:\/\/www.acapulcopress.com\/index.php\/2023\/03\/10\/8-muertos-deja-tiroteo-en-congregacion-alemana-de-los-testigos-de-jehova\/","title":{"rendered":"8 muertos deja tiroteo en congregaci\u00f3n alemana de los Testigos de Jehov\u00e1"},"content":{"rendered":"<p style=\"text-align: justify;\">HAMBURGO * 8 de marzo de 2023.<br \/>\n<em>) <a href=\"https:\/\/www.elespanol.com\/mundo\/europa\/20230309\/muertos-tiroteo-hamburgo\/747175735_0.html\" target=\"_blank\" rel=\"noopener\">El Espa\u00f1ol <\/a><br \/>\n<\/em>Al menos ocho personas han muerto -entre ellos el atacante- y 30 m\u00e1s han resultado heridas tras un tiroteo en la ciudad de Hamburgo, en el norte de Alemania. El suceso ha <img loading=\"lazy\" decoding=\"async\" class=\"alignleft size-medium wp-image-1251723\" src=\"https:\/\/www.acapulcopress.com\/wp-content\/uploads\/2023\/03\/tj-alemania-375x249.jpeg\" alt=\"\" width=\"375\" height=\"249\" \/>ocurrido anoche en el Sal\u00f3n del Reino, un centro de los Testigos de Jehov\u00e1 situado en la calle Deelb\u00f6ge y donde decenas de personas se re\u00fanen dos veces a la semana. La polic\u00eda ya ha hallado sin vida el cuerpo del presunto autor del ataque, quien se cree que era un antiguo miembro de los Testigos de Jehov\u00e1.<\/p>\n<p style=\"text-align: justify;\">Holger Vehren, portavoz de la polic\u00eda, aclar\u00f3 que \u00abtodos los muertos tienen heridas de bala\u00bb, pero destac\u00f3 que todav\u00eda no hay ninguna hip\u00f3tesis sobre el m\u00f3vil del crimen. En este sentido, las autoridades han pedido a trav\u00e9s de las redes sociales que \u00abno se compartan suposiciones ni se difundan rumores\u00bb sobre estos hechos, pues a\u00fan no est\u00e1 clara la motivaci\u00f3n de los atacantes.<\/p>\n<p style=\"text-align: justify;\">No obstante, el medio<em> Focus Online,<\/em> que cita a fuentes de la polic\u00eda, afirma que se est\u00e1 <img loading=\"lazy\" decoding=\"async\" class=\"alignleft size-medium wp-image-1251725\" src=\"https:\/\/www.acapulcopress.com\/wp-content\/uploads\/2023\/03\/tj-alemania3-375x249.jpeg\" alt=\"\" width=\"375\" height=\"249\" \/>investigando como un crimen de odio.<\/p>\n<p style=\"text-align: justify;\">La polic\u00eda recibi\u00f3 el primer aviso en torno a las 21.15 horas de la noche del jueves. Una unidad armada especializada que iba de camino a la sede de la polic\u00eda se encontraba cerca del lugar cuando comenz\u00f3 el tiroteo y pudo acudir a los pocos minutos.<\/p>\n<p style=\"text-align: justify;\">Al llegar, los agentes se encontraron a los muertos y heridos entre los que, seg\u00fan el canal NDR, se encontraba una mujer embarazada que fue evacuada.<\/p>\n<p style=\"text-align: justify;\">El tiempo de respuesta fue tan corto que los primeros agentes en entrar al recinto escucharon un disparo en la planta superior, donde hallaron al \u00faltimo de los fallecidos.<\/p>\n<p style=\"text-align: justify;\">\u00abHubo 12 disparos continuos. Luego vimos c\u00f3mo se llevaban a la gente en bolsas negras\u00bb, <img loading=\"lazy\" decoding=\"async\" class=\"alignleft size-medium wp-image-1251724\" src=\"https:\/\/www.acapulcopress.com\/wp-content\/uploads\/2023\/03\/tj-alemania2-375x249.jpeg\" alt=\"\" width=\"375\" height=\"249\" \/>afirm\u00f3 un testigo a los medios locales.<\/p>\n<p style=\"text-align: justify;\">El peri\u00f3dico Bild, public\u00f3 el testimonio de otra mujer que asegur\u00f3 que hubo \u00abalrededor de cuatro r\u00e1fagas de disparos\u00bb. \u00abDurante estos lapsos de tiempo siempre se realizaron varios disparos con una diferencia de aproximadamente 20 segundos a un minuto\u00bb, detall\u00f3.<\/p>\n<p style=\"text-align: justify;\">El alcalde de Hamburgo, Peter Tschentscher, expres\u00f3 su conmoci\u00f3n por lo sucedido a trav\u00e9s de Twitter: \u00abLas informaciones de Alsterdorf\/Gro\u00df Borstel son impactantes. Mi m\u00e1s sentido p\u00e9same a las familias de las v\u00edctimas. Los servicios de emergencia est\u00e1n trabajando a toda m\u00e1quina para localizar a los autores y esclarecer los antecedentes\u00bb.<\/p>\n<p style=\"text-align: justify;\"><strong>El crimen m\u00e1s sangriento<\/strong><\/p>\n<p>Alemania se ha visto sacudida por una serie de tiroteos en los \u00faltimos a\u00f1os. En febrero de 2020, un hombre armado con presuntos v\u00ednculos con la extrema derecha mat\u00f3 a tiros a nueve personas, incluyendo inmigrantes de Turqu\u00eda, en la ciudad occidental de Hanau, antes de matar a su madre y suicidarse.<\/p>\n<p style=\"text-align: justify;\">En octubre de 2019, un hombre armado mat\u00f3 a dos personas despu\u00e9s de abrir fuego frente a una sinagoga alemana en la ciudad oriental de Halle en el d\u00eda sagrado jud\u00edo de Yom Kippur.<\/p>\n<p style=\"text-align: justify;\">Sin embargo, el tiroteo de este jueves es el crimen m\u00e1s sangriento ocurrido Hamburgo en los \u00faltimos 30 a\u00f1os, cuando en 1996 un proxeneta y sus c\u00f3mplices asaltaron un burdel en Budapester Strasse y abrieron fuego. En aquella ocasi\u00f3n dos personas murieron y otras seis resultaron heridas.<\/p>\n<div style=\"width: 1160px;\" class=\"wp-video\"><video class=\"wp-video-shortcode\" id=\"video-1251718-1\" width=\"1160\" height=\"653\" preload=\"metadata\" controls=\"controls\"><source type=\"video\/mp4\" src=\"https:\/\/www.acapulcopress.com\/wp-content\/uploads\/2023\/03\/8-PERSONAS-MUEREN-en-un-TIROTEO-en-IGLESIA-de-TESTIGOS-de-JEHOVA.mp4?_=1\" \/><a href=\"https:\/\/www.acapulcopress.com\/wp-content\/uploads\/2023\/03\/8-PERSONAS-MUEREN-en-un-TIROTEO-en-IGLESIA-de-TESTIGOS-de-JEHOVA.mp4\">https:\/\/www.acapulcopress.com\/wp-content\/uploads\/2023\/03\/8-PERSONAS-MUEREN-en-un-TIROTEO-en-IGLESIA-de-TESTIGOS-de-JEHOVA.mp4<\/a><\/video><\/div>\n<p style=\"text-align: justify;\"><em>) S\u00edguenos en Facebook.com\/<a href=\"https:\/\/www.facebook.com\/acapulcopress.news\" target=\"_blank\" rel=\"noopener\">acapulcopress.news<\/a><\/em><\/p>\n","protected":false},"excerpt":{"rendered":"<p>HAMBURGO * 8 de marzo de 2023. ) El Espa\u00f1ol Al menos ocho personas han muerto -entre ellos el atacante- y 30 m\u00e1s han resultado heridas tras un tiroteo en la ciudad de Hamburgo, en el norte de Alemania. El suceso ha ocurrido anoche en el Sal\u00f3n del Reino, un centro de los Testigos de&#8230;<\/p>\n","protected":false},"author":2,"featured_media":1251722,"comment_status":"closed","ping_status":"closed","sticky":false,"template":"","format":"standard","meta":{"footnotes":""},"categories":[1969,1972,2005],"tags":[],"class_list":["post-1251718","post","type-post","status-publish","format-standard","has-post-thumbnail","hentry","category-trending","category-special","category-seguridad-y-justicia"],"_links":{"self":[{"href":"https:\/\/www.acapulcopress.com\/index.php\/wp-json\/wp\/v2\/posts\/1251718","targetHints":{"allow":["GET"]}}],"collection":[{"href":"https:\/\/www.acapulcopress.com\/index.php\/wp-json\/wp\/v2\/posts"}],"about":[{"href":"https:\/\/www.acapulcopress.com\/index.php\/wp-json\/wp\/v2\/types\/post"}],"author":[{"embeddable":true,"href":"https:\/\/www.acapulcopress.com\/index.php\/wp-json\/wp\/v2\/users\/2"}],"replies":[{"embeddable":true,"href":"https:\/\/www.acapulcopress.com\/index.php\/wp-json\/wp\/v2\/comments?post=1251718"}],"version-history":[{"count":0,"href":"https:\/\/www.acapulcopress.com\/index.php\/wp-json\/wp\/v2\/posts\/1251718\/revisions"}],"wp:featuredmedia":[{"embeddable":true,"href":"https:\/\/www.acapulcopress.com\/index.php\/wp-json\/"}],"wp:attachment":[{"href":"https:\/\/www.acapulcopress.com\/index.php\/wp-json\/wp\/v2\/media?parent=1251718"}],"wp:term":[{"taxonomy":"category","embeddable":true,"href":"https:\/\/www.acapulcopress.com\/index.php\/wp-json\/wp\/v2\/categories?post=1251718"},{"taxonomy":"post_tag","embeddable":true,"href":"https:\/\/www.acapulcopress.com\/index.php\/wp-json\/wp\/v2\/tags?post=1251718"}],"curies":[{"name":"wp","href":"https:\/\/api.w.org\/{rel}","templated":true}]}}