{"id":1251758,"date":"2023-03-10T11:58:39","date_gmt":"2023-03-10T17:58:39","guid":{"rendered":"https:\/\/www.acapulcopress.com\/?p=1251758"},"modified":"2023-03-10T11:58:39","modified_gmt":"2023-03-10T17:58:39","slug":"denuncian-penalmente-al-barca-y-expresidentes-por-sobornos-arbitrales","status":"publish","type":"post","link":"https:\/\/www.acapulcopress.com\/index.php\/2023\/03\/10\/denuncian-penalmente-al-barca-y-expresidentes-por-sobornos-arbitrales\/","title":{"rendered":"Denuncian penalmente al Bar\u00e7a y expresidentes por sobornos arbitrales"},"content":{"rendered":"<p style=\"text-align: justify;\">BARCELONA * 10 de marzo de 2023.<br \/>\n<em>) <a href=\"https:\/\/efe.com\/deportes\/2023-03-10\/fiscalia-denuncia-barca-bartomeu-rosell-negreira\/\" target=\"_blank\" rel=\"noopener\">Efe<\/a><br \/>\n<\/em>La Fiscal\u00eda ha denunciado al FC Barcelona y a sus expresidentes Josep Maria Bartomeu y Sandro Rosell por los supuestos pagos millonarios al exdirigente arbitral Jos\u00e9 Mar\u00eda Enr\u00edquez Negreira para \u201cfavorecer\u201d al club azulgrana en la \u201ctoma de decisiones de los \u00e1rbitros\u201d en los partidos que disputase.<\/p>\n<p style=\"text-align: justify;\">La Fiscal\u00eda, que propone que el actual presidente del Bar\u00e7a, Joan Laporta, sea citado como testigo, ha interpuesto su denuncia ante el juzgado de instrucci\u00f3n n\u00famero 1 de Barcelona -para que la acumule en las diligencias previas incoadas a ra\u00edz de una querella presentada por el \u00e1rbitro del VAR Estrada Fern\u00e1ndez contra Negreira-, por los delitos de corrupci\u00f3n entre particulares, administraci\u00f3n desleal y falsedad documental.<\/p>\n<p style=\"text-align: justify;\">La denuncia es fruto de las investigaciones que la Fiscal\u00eda de Barcelona mantiene abiertas desde hace cerca de un a\u00f1o por los supuestos pagos a Negreira, que a trav\u00e9s de dos empresas ha recibido casi siete millones de euros del Bar\u00e7a por supuesto asesoramiento verbal al club.<\/p>\n<p style=\"text-align: justify;\">Adem\u00e1s de Rosell -que fue presidente del FC Barcelona entre 2010 y 2014- y Bartomeu -entre 2014 y 2020-, la denuncia se dirige contra el ex director ejecutivo del club Oscar Grau y el ex director de deportes profesionales Albert Soler, que eran \u201cde la m\u00e1xima confianza\u201d de Bartomeu, seg\u00fan el ministerio p\u00fablico.<\/p>\n<p style=\"text-align: justify;\"><strong>Pagos para \u201cfavorecer\u201d al Bar\u00e7a en decisiones arbitrales<\/strong><\/p>\n<p>La Fiscal\u00eda sostiene que, a trav\u00e9s de los presidentes Rosell y Bartomeu, el club azulgrana \u201calcanz\u00f3 y mantuvo\u201d un \u201cacuerdo verbal estrictamente confidencial\u201d con el entonces vicepresidente del Comit\u00e9 T\u00e9cnico de \u00c1rbitros (CTA) Jos\u00e9 Mar\u00eda Enr\u00edquez Negreira para que, \u201ca cambio de dinero\u201d, realizase \u201cactuaciones tendentes a favorecer al FC Barcelona en la toma de decisiones de los \u00e1rbitros en los partidos que disputase\u201d y en los \u201cresultados de las competiciones\u201d.<\/p>\n<p style=\"text-align: justify;\">A tal efecto, seg\u00fan la Fiscal\u00eda, las sociedades de Negreira -N SCP y D 95 S.L- giraron entre enero de 2011 y junio de 2018 facturas que fueron presentadas al cobro ante el FC Barcelona \u201csin que las mismas respondieran a ninguna prestaci\u00f3n o servicios de asesoramiento t\u00e9cnico real\u201d.<\/p>\n<p style=\"text-align: justify;\">La Fiscal\u00eda subraya que el CTA, del que Negreira era vicepresidente, se encargaba de designar a los \u00e1rbitros para cada partido de las competiciones espa\u00f1oles oficiales y que adem\u00e1s el denunciado participaba en el proceso de evaluaci\u00f3n para los ascensos y descensos de categor\u00eda de los \u00e1rbitros, as\u00ed como de proponer los candidatos para ser colegiados internacionales.<\/p>\n<p style=\"text-align: justify;\">Seg\u00fan la Fiscal\u00eda, los pagos realizados por el FC Barcelona a Negreira entre el 2001 y el a\u00f1o 2018, durante su vicepresidencia en el CTA, superaron los 7,3 millones de euros, lo que supuso una \u201caut\u00e9ntica remuneraci\u00f3n\u201d no prevista en los estatutos del club ni aprobada por la asamblea general, de forma que estas percepciones no tuvieron \u201csoporte legal ni estatutario alguno\u201d.<\/p>\n<p style=\"text-align: justify;\">En concreto, el ministerio p\u00fablico detalla que entre 2011 y 2014 -en la etapa de Rosell-, Negreira percibi\u00f3 del FC Barcelona m\u00e1s de dos millones de euros a trav\u00e9s de sus mercantiles, mientras que entre 2014 y 2015 recibi\u00f3 1,2 millones de euros y entre 2016 y 2018 otros 1,6 millones.<\/p>\n<p style=\"text-align: justify;\"><strong>La amenaza de Negreira de explicar las \u201cirregularidades\u201d<br \/>\n<\/strong><br \/>\nEn su denuncia, la Fiscal\u00eda detalla que Enr\u00edquez Negreira fue relevado como vicepresidente de la CTA en mayo de 2018, \u201cmotivo por el que el FC Barcelona puso fin a todos los pagos\u201d.<\/p>\n<p style=\"text-align: justify;\">Posteriormente, el 5 de febrero de 2019, Negreira remiti\u00f3 un burofax a la presidencia del club azulgrana recriminando el cese de la relaci\u00f3n mantenida en el tiempo, exigiendo alcanzar una soluci\u00f3n \u201cjusta\u201d para ambas partes y advirtiendo de las consecuencias de no hacerlo, seg\u00fan la Fiscal\u00eda.<\/p>\n<p style=\"text-align: justify;\">\u201cNo tengo voluntad de dar publicidad a todas las irregularidades que he conocido y vivido de primera mano en relaci\u00f3n con nadie del club, pero usted me obligar\u00e1 a ello si no reconsidera su decisi\u00f3n y cumple con el acuerdo que ten\u00edamos de seguir contando con mis servicios hasta el fin de mandato presidencial. Tengo la raz\u00f3n y el derecho que amparan dicha reclamaci\u00f3n\u201d, aseguraba Negreira en su escrito, seg\u00fan detalla el ministerio p\u00fablico.<\/p>\n<p style=\"text-align: justify;\"><strong>Los informes del hijo de Negreira<br \/>\n<\/strong><br \/>\nParalelamente, el hijo de Enriquez Negreira constituy\u00f3 una sociedad que fue contratada por el club en 2016, con el \u201cbenepl\u00e1cito\u201d de Bartomeu, por un directivo del FC Barcelona, ya fallecido, para confeccionar semanalmente informes t\u00e9cnicos arbitrales para cada partido y realizar un an\u00e1lisis posterior de cada partido valorando el acierto o error en la toma de decisiones arbitrales.<\/p>\n<p style=\"text-align: justify;\">Esta actividad, seg\u00fan la Fiscal\u00eda, se desarrollaba de forma \u201csistem\u00e1tica y peri\u00f3dica\u201d, ante lo que Bartomeu, Grau y Soler, \u201c\u00fanicas personas que conoc\u00edan el entramado\u201d, evitaron \u201ca toda costa\u201d que el hijo de Negreira fuese contratado directamente por el club para no relacionar el apellido del vicepresidente del CTA con el Bar\u00e7a.<\/p>\n<p style=\"text-align: justify;\">En su escrito, la Fiscal\u00eda pide al titular del juzgado de instrucci\u00f3n n\u00famero 1 de Barcelona, Joaqu\u00edn Aguirre, que cite como investigados a los denunciados y tambi\u00e9n a un representante que elija la actual directiva en nombre del FC Barcelona, y que investigue el patrimonio de Negreira y su entorno familiar para \u201cconocer el destino dado a lo cobrado\u201d.<\/p>\n<p style=\"text-align: justify;\">Tambi\u00e9n pide al FC Barcelona que detalle la identidad de las personas que ejercieron como director general, CEO o director ejecutivo, director financiero, tesorero y jefe del \u00e1rea econ\u00f3mica entre 2011 y 2014.<\/p>\n<p style=\"text-align: justify;\"><em>) S\u00edguenos en Facebook.com\/<a href=\"https:\/\/www.facebook.com\/acapulcopress.news\" target=\"_blank\" rel=\"noopener\">acapulcopress.news<\/a><\/em><\/p>\n","protected":false},"excerpt":{"rendered":"<p>BARCELONA * 10 de marzo de 2023. ) Efe La Fiscal\u00eda ha denunciado al FC Barcelona y a sus expresidentes Josep Maria Bartomeu y Sandro Rosell por los supuestos pagos millonarios al exdirigente arbitral Jos\u00e9 Mar\u00eda Enr\u00edquez Negreira para \u201cfavorecer\u201d al club azulgrana en la \u201ctoma de decisiones de los \u00e1rbitros\u201d en los partidos que&#8230;<\/p>\n","protected":false},"author":2,"featured_media":1251759,"comment_status":"closed","ping_status":"closed","sticky":false,"template":"","format":"standard","meta":{"footnotes":""},"categories":[1972,1988,18566],"tags":[8393,11128,16019],"class_list":["post-1251758","post","type-post","status-publish","format-standard","has-post-thumbnail","hentry","category-special","category-lifestyles","category-sports-lifestyles","tag-fc-barca","tag-josep-maria-bartomeu","tag-sandro-rosell"],"_links":{"self":[{"href":"https:\/\/www.acapulcopress.com\/index.php\/wp-json\/wp\/v2\/posts\/1251758","targetHints":{"allow":["GET"]}}],"collection":[{"href":"https:\/\/www.acapulcopress.com\/index.php\/wp-json\/wp\/v2\/posts"}],"about":[{"href":"https:\/\/www.acapulcopress.com\/index.php\/wp-json\/wp\/v2\/types\/post"}],"author":[{"embeddable":true,"href":"https:\/\/www.acapulcopress.com\/index.php\/wp-json\/wp\/v2\/users\/2"}],"replies":[{"embeddable":true,"href":"https:\/\/www.acapulcopress.com\/index.php\/wp-json\/wp\/v2\/comments?post=1251758"}],"version-history":[{"count":0,"href":"https:\/\/www.acapulcopress.com\/index.php\/wp-json\/wp\/v2\/posts\/1251758\/revisions"}],"wp:featuredmedia":[{"embeddable":true,"href":"https:\/\/www.acapulcopress.com\/index.php\/wp-json\/"}],"wp:attachment":[{"href":"https:\/\/www.acapulcopress.com\/index.php\/wp-json\/wp\/v2\/media?parent=1251758"}],"wp:term":[{"taxonomy":"category","embeddable":true,"href":"https:\/\/www.acapulcopress.com\/index.php\/wp-json\/wp\/v2\/categories?post=1251758"},{"taxonomy":"post_tag","embeddable":true,"href":"https:\/\/www.acapulcopress.com\/index.php\/wp-json\/wp\/v2\/tags?post=1251758"}],"curies":[{"name":"wp","href":"https:\/\/api.w.org\/{rel}","templated":true}]}}