{"id":1251766,"date":"2023-03-10T17:14:31","date_gmt":"2023-03-10T23:14:31","guid":{"rendered":"https:\/\/www.acapulcopress.com\/?p=1251766"},"modified":"2023-03-10T17:14:31","modified_gmt":"2023-03-10T23:14:31","slug":"exhortan-a-autoridades-estatales-y-municipales-garantizar-salarios-de-trabajadores","status":"publish","type":"post","link":"https:\/\/www.acapulcopress.com\/index.php\/2023\/03\/10\/exhortan-a-autoridades-estatales-y-municipales-garantizar-salarios-de-trabajadores\/","title":{"rendered":"Exhortan a autoridades estatales y municipales garantizar salarios de trabajadores"},"content":{"rendered":"<p style=\"text-align: justify;\">CHILPANCINGO * 10 de marzo de 2023.<br \/>\n<em>) Congreso de Guerrero<\/em><br \/>\nA la Comisi\u00f3n de Desarrollo Econ\u00f3mico y Trabajo del Congreso se turn\u00f3 un acuerdo para exhortar a los poderes Ejecutivo, Legislativo y Judicial, a los 80 ayuntamientos y el Consejo Comunitario de Ayutla de los Libres, para que prevean las acciones presupuestales necesarias que garanticen a sus trabajadoras y trabajadores percibir no menos del salario m\u00ednimo decretado por el Consejo de Representantes de la Comisi\u00f3n Nacional de Salarios M\u00ednimos para el Ejercicio Fiscal 2023. En voz del diputado Ociel Hugar Garc\u00eda Trujillo, el Grupo Parlamentario del PRD plantea como objetivo que las administraciones de los tres poderes y de los municipios observen y cumplan con la disposici\u00f3n constitucional, que mandata que ning\u00fan trabajador puede percibir menos de un salario m\u00ednimo.<\/p>\n<p style=\"text-align: justify;\">Garc\u00eda Trujillo refiri\u00f3 que la finalidad de establecer el salario m\u00ednimo es proteger a los trabajadores contra el pago de remuneraciones indebidamente bajas, tal y como lo se\u00f1ala la Carta Magna, de que en ning\u00fan caso los salarios podr\u00e1n ser inferiores al m\u00ednimo para los trabajadores en general de las entidades federativas.<\/p>\n<p style=\"text-align: justify;\">Abund\u00f3 que, adem\u00e1s, el Consejo de Representantes de la Comisi\u00f3n Nacional de los Salarios M\u00ednimos emiti\u00f3 una resoluci\u00f3n el 1\u00b0 de diciembre de 2022, estableciendo los salarios m\u00ednimos que rigen en el pa\u00eds a partir del primero de enero de 2023, que es\u00a0de 207 pesos, 20 por ciento m\u00e1s que el a\u00f1o anterior, lo que representa m\u00e1s de 6 mil pesos mensuales.<\/p>\n<p style=\"text-align: justify;\">Agreg\u00f3 que esto obedece al encarecimiento de la canasta b\u00e1sica, ya que de acuerdo con el INEGI, en las zonas rural y urbana del pa\u00eds, al corte de enero de 2023, fueron necesarios 1,644 pesos mensuales por persona para costear la alimentaci\u00f3n, mientras que en las urbanas se requiere de 2,144 pesos.<\/p>\n<p style=\"text-align: justify;\">Por todo lo anterior, se propone exhortar a los poderes Ejecutivo, Legislativo y Judicial, a los 80 ayuntamientos y al Consejo Comunitario del Municipio de Ayutla de los Libres, para que prevean las acciones presupuestales necesarias que les permitan cubrir los salarios a sus trabajadores conforme a la disposici\u00f3n constitucional.<\/p>\n<p style=\"text-align: justify;\"><em>) S\u00edguenos en Facebook.com\/<a href=\"https:\/\/www.facebook.com\/acapulcopress.news\" target=\"_blank\" rel=\"noopener\">acapulcopress.news<\/a><\/em><\/p>\n","protected":false},"excerpt":{"rendered":"<p>CHILPANCINGO * 10 de marzo de 2023. ) Congreso de Guerrero A la Comisi\u00f3n de Desarrollo Econ\u00f3mico y Trabajo del Congreso se turn\u00f3 un acuerdo para exhortar a los poderes Ejecutivo, Legislativo y Judicial, a los 80 ayuntamientos y el Consejo Comunitario de Ayutla de los Libres, para que prevean las acciones presupuestales necesarias que&#8230;<\/p>\n","protected":false},"author":2,"featured_media":1251768,"comment_status":"closed","ping_status":"closed","sticky":false,"template":"","format":"standard","meta":{"footnotes":""},"categories":[61,18561],"tags":[6370,10139,13855],"class_list":["post-1251766","post","type-post","status-publish","format-standard","has-post-thumbnail","hentry","category-legislacion","category-society-politics","tag-congreso-de-guerrero","tag-inegi","tag-ociel-hugar-garcia-trujillo"],"_links":{"self":[{"href":"https:\/\/www.acapulcopress.com\/index.php\/wp-json\/wp\/v2\/posts\/1251766","targetHints":{"allow":["GET"]}}],"collection":[{"href":"https:\/\/www.acapulcopress.com\/index.php\/wp-json\/wp\/v2\/posts"}],"about":[{"href":"https:\/\/www.acapulcopress.com\/index.php\/wp-json\/wp\/v2\/types\/post"}],"author":[{"embeddable":true,"href":"https:\/\/www.acapulcopress.com\/index.php\/wp-json\/wp\/v2\/users\/2"}],"replies":[{"embeddable":true,"href":"https:\/\/www.acapulcopress.com\/index.php\/wp-json\/wp\/v2\/comments?post=1251766"}],"version-history":[{"count":0,"href":"https:\/\/www.acapulcopress.com\/index.php\/wp-json\/wp\/v2\/posts\/1251766\/revisions"}],"wp:featuredmedia":[{"embeddable":true,"href":"https:\/\/www.acapulcopress.com\/index.php\/wp-json\/"}],"wp:attachment":[{"href":"https:\/\/www.acapulcopress.com\/index.php\/wp-json\/wp\/v2\/media?parent=1251766"}],"wp:term":[{"taxonomy":"category","embeddable":true,"href":"https:\/\/www.acapulcopress.com\/index.php\/wp-json\/wp\/v2\/categories?post=1251766"},{"taxonomy":"post_tag","embeddable":true,"href":"https:\/\/www.acapulcopress.com\/index.php\/wp-json\/wp\/v2\/tags?post=1251766"}],"curies":[{"name":"wp","href":"https:\/\/api.w.org\/{rel}","templated":true}]}}