{"id":1251770,"date":"2023-03-10T10:21:51","date_gmt":"2023-03-10T16:21:51","guid":{"rendered":"https:\/\/www.acapulcopress.com\/?p=1251770"},"modified":"2023-03-10T10:21:51","modified_gmt":"2023-03-10T16:21:51","slug":"proponen-nombre-de-erika-valencia-para-una-sala-del-congreso-del-estado","status":"publish","type":"post","link":"https:\/\/www.acapulcopress.com\/index.php\/2023\/03\/10\/proponen-nombre-de-erika-valencia-para-una-sala-del-congreso-del-estado\/","title":{"rendered":"Proponen nombre de Erika Valencia para una sala del Congreso del Estado"},"content":{"rendered":"<p style=\"text-align: justify;\">CHILPANCINGO * 10 de marzo de 2023.<br \/>\n<em>) Congreso de Guerrero<\/em><br \/>\nA la Junta de Coordinaci\u00f3n Pol\u00edtica del Congreso del Estado se turn\u00f3 un punto de acuerdo para asignar el nombre de Erika Valencia Cardona a la sala ubicada atr\u00e1s del escudo del Sal\u00f3n de Plenos del Congreso del Estado, en memoria de la fallecida exdiputada. En la sesi\u00f3n de este martes, la diputada Mar\u00eda Flores Maldonado (Morena) present\u00f3 dicho acuerdo refiriendo que, para identificar los salones o salas de reuniones, el Congreso ha designado un nombre a cada espacio, ya sea en conmemoraci\u00f3n, en memoria o reconocimiento por el trabajo sobresaliente en la apertura democr\u00e1tica y la contribuci\u00f3n al mejoramiento del estado.<\/p>\n<p style=\"text-align: justify;\">Precis\u00f3 que la mayor\u00eda de las salas de reuniones tienen un nombre oficial, a excepci\u00f3n de la sala del escudo, por lo que es necesario asignarle uno, y en caso de ser el nombre de la extinta diputada, se estar\u00eda cumpliendo con el principio de la paridad, dado que todos los espacios de este Congreso llevan nombres de hombres.<\/p>\n<p style=\"text-align: justify;\">La diputada Mar\u00eda Flores hizo referencia de que Erika Valencia Cardona, fallecida el 11 de diciembre de 2022 a causa del c\u00e1ncer, fue integrante de la LXII Legislatura, de la cual presidi\u00f3 la Comisi\u00f3n para la Igualdad de G\u00e9nero.<\/p>\n<p style=\"text-align: justify;\">Agreg\u00f3 que, en su paso por el Congreso, Valencia Cardona present\u00f3 m\u00e1s de 50 propuestas de reforma, destacando las del C\u00f3digo Penal del estado para tipificar el ciberacoso y para castigar hasta con 9 a\u00f1os de c\u00e1rcel a quien provoque lesiones o mutilaciones a una mujer en raz\u00f3n de g\u00e9nero; a la Ley del Trabajo de los Servidores P\u00fablicos del Estado para otorgar 10 d\u00edas de licencia con goce de sueldo a los hombres cuya pareja tenga un parto; a la Ley de Procedimientos Electorales para dar mayor participaci\u00f3n a las mujeres y sancionar a quien incurra en violencia pol\u00edtica en raz\u00f3n de g\u00e9nero; entre otras.<\/p>\n<p style=\"text-align: justify;\">La propuesta fue turnada a la Junta de Coordinaci\u00f3n Pol\u00edtica para su an\u00e1lisis y emisi\u00f3n del correspondiente dictamen.<\/p>\n<p><em>) S\u00edguenos en Facebook.com\/<a href=\"https:\/\/www.facebook.com\/acapulcopress.news\" target=\"_blank\" rel=\"noopener\">acapulcopress.news<\/a><\/em><\/p>\n","protected":false},"excerpt":{"rendered":"<p>CHILPANCINGO * 10 de marzo de 2023. ) Congreso de Guerrero A la Junta de Coordinaci\u00f3n Pol\u00edtica del Congreso del Estado se turn\u00f3 un punto de acuerdo para asignar el nombre de Erika Valencia Cardona a la sala ubicada atr\u00e1s del escudo del Sal\u00f3n de Plenos del Congreso del Estado, en memoria de la fallecida&#8230;<\/p>\n","protected":false},"author":2,"featured_media":1251767,"comment_status":"closed","ping_status":"closed","sticky":false,"template":"","format":"standard","meta":{"footnotes":""},"categories":[61,18561],"tags":[6370,8043],"class_list":["post-1251770","post","type-post","status-publish","format-standard","has-post-thumbnail","hentry","category-legislacion","category-society-politics","tag-congreso-de-guerrero","tag-erika-valencia-cardona"],"_links":{"self":[{"href":"https:\/\/www.acapulcopress.com\/index.php\/wp-json\/wp\/v2\/posts\/1251770","targetHints":{"allow":["GET"]}}],"collection":[{"href":"https:\/\/www.acapulcopress.com\/index.php\/wp-json\/wp\/v2\/posts"}],"about":[{"href":"https:\/\/www.acapulcopress.com\/index.php\/wp-json\/wp\/v2\/types\/post"}],"author":[{"embeddable":true,"href":"https:\/\/www.acapulcopress.com\/index.php\/wp-json\/wp\/v2\/users\/2"}],"replies":[{"embeddable":true,"href":"https:\/\/www.acapulcopress.com\/index.php\/wp-json\/wp\/v2\/comments?post=1251770"}],"version-history":[{"count":0,"href":"https:\/\/www.acapulcopress.com\/index.php\/wp-json\/wp\/v2\/posts\/1251770\/revisions"}],"wp:featuredmedia":[{"embeddable":true,"href":"https:\/\/www.acapulcopress.com\/index.php\/wp-json\/"}],"wp:attachment":[{"href":"https:\/\/www.acapulcopress.com\/index.php\/wp-json\/wp\/v2\/media?parent=1251770"}],"wp:term":[{"taxonomy":"category","embeddable":true,"href":"https:\/\/www.acapulcopress.com\/index.php\/wp-json\/wp\/v2\/categories?post=1251770"},{"taxonomy":"post_tag","embeddable":true,"href":"https:\/\/www.acapulcopress.com\/index.php\/wp-json\/wp\/v2\/tags?post=1251770"}],"curies":[{"name":"wp","href":"https:\/\/api.w.org\/{rel}","templated":true}]}}