{"id":1251780,"date":"2023-03-13T19:14:42","date_gmt":"2023-03-14T01:14:42","guid":{"rendered":"https:\/\/www.acapulcopress.com\/?p=1251780"},"modified":"2023-03-13T19:14:42","modified_gmt":"2023-03-14T01:14:42","slug":"inaugura-marcial-rodriguez-los-juegos-deportivos-de-educacion-basica-2023","status":"publish","type":"post","link":"https:\/\/www.acapulcopress.com\/index.php\/2023\/03\/13\/inaugura-marcial-rodriguez-los-juegos-deportivos-de-educacion-basica-2023\/","title":{"rendered":"Inaugura Marcial Rodr\u00edguez los Juegos Deportivos de Educaci\u00f3n B\u00e1sica 2023"},"content":{"rendered":"<p style=\"text-align: justify;\">CHILPANCINGO * 13 de marzo de 2023.<br \/>\n<em>) SEG<br \/>\n<\/em><img loading=\"lazy\" decoding=\"async\" class=\"alignleft size-medium wp-image-1251785\" src=\"https:\/\/www.acapulcopress.com\/wp-content\/uploads\/2023\/03\/Juegos-Deportivos-375x213.jpg\" alt=\"\" width=\"375\" height=\"213\" \/>En representaci\u00f3n de la gobernadora <a href=\"https:\/\/www.facebook.com\/EvelynSalgadoP\" target=\"_blank\" rel=\"noopener\">Evelyn Salgado Pineda<\/a>, el secretario de Educaci\u00f3n en Guerrero, <a href=\"https:\/\/www.facebook.com\/MarcialRodriguezS\" target=\"_blank\" rel=\"noopener\">Marcial Rodr\u00edguez Salda\u00f1a<\/a>, inaugur\u00f3 los juegos deportivos de Educaci\u00f3n B\u00e1sica, en la regi\u00f3n centro del Estado.<\/p>\n<p style=\"text-align: justify;\">Rodr\u00edguez Salda\u00f1a, transmiti\u00f3 el saludo y felicitaci\u00f3n de la gobernadora Evelyn Salgado, a las ni\u00f1as y ni\u00f1os participantes y les reiter\u00f3 que el deporte forma parte fundamental de la educaci\u00f3n.<\/p>\n<p style=\"text-align: justify;\">Asistieron al evento el subsecretario de Educaci\u00f3n B\u00e1sica, Ricardo Castillo Pe\u00f1a; representantes de la secci\u00f3n 14 del SNTE, padres de familia, docentes y parte de la estructura de la SEG.<\/p>\n<p><img loading=\"lazy\" decoding=\"async\" class=\"alignnone wp-image-1251783 size-large\" src=\"https:\/\/www.acapulcopress.com\/wp-content\/uploads\/2023\/03\/Juegos-Deportivos-3-840x591.jpg\" alt=\"\" width=\"696\" height=\"490\" \/><\/p>\n<p><img loading=\"lazy\" decoding=\"async\" class=\"alignnone wp-image-1251782 size-large\" src=\"https:\/\/www.acapulcopress.com\/wp-content\/uploads\/2023\/03\/Juegos-Deportivos-2-840x375.jpg\" alt=\"\" width=\"696\" height=\"311\" \/><\/p>\n<div style=\"width: 848px;\" class=\"wp-video\"><video class=\"wp-video-shortcode\" id=\"video-1251780-1\" width=\"848\" height=\"480\" preload=\"metadata\" controls=\"controls\"><source type=\"video\/mp4\" src=\"https:\/\/www.acapulcopress.com\/wp-content\/uploads\/2023\/03\/Juegos-Deportivos-2023.mp4?_=1\" \/><a href=\"https:\/\/www.acapulcopress.com\/wp-content\/uploads\/2023\/03\/Juegos-Deportivos-2023.mp4\">https:\/\/www.acapulcopress.com\/wp-content\/uploads\/2023\/03\/Juegos-Deportivos-2023.mp4<\/a><\/video><\/div>\n<p style=\"text-align: justify;\"><em>) S\u00edguenos en Facebook.com\/<a href=\"https:\/\/www.facebook.com\/acapulcopress.news\" target=\"_blank\" rel=\"noopener\">acapulcopress.news<\/a><\/em><\/p>\n","protected":false},"excerpt":{"rendered":"<p>CHILPANCINGO * 13 de marzo de 2023. ) SEG En representaci\u00f3n de la gobernadora Evelyn Salgado Pineda, el secretario de Educaci\u00f3n en Guerrero, Marcial Rodr\u00edguez Salda\u00f1a, inaugur\u00f3 los juegos deportivos de Educaci\u00f3n B\u00e1sica, en la regi\u00f3n centro del Estado. Rodr\u00edguez Salda\u00f1a, transmiti\u00f3 el saludo y felicitaci\u00f3n de la gobernadora Evelyn Salgado, a las ni\u00f1as y&#8230;<\/p>\n","protected":false},"author":2,"featured_media":1251784,"comment_status":"closed","ping_status":"closed","sticky":false,"template":"","format":"standard","meta":{"footnotes":""},"categories":[18561,2081],"tags":[11260,12457,16164],"class_list":["post-1251780","post","type-post","status-publish","format-standard","has-post-thumbnail","hentry","category-society-politics","category-seg","tag-juegos-deportivos-de-educacion-basica-2023","tag-marcial-rodriguez-saldana","tag-secretaria-de-educacion-de-guerrero-seg"],"_links":{"self":[{"href":"https:\/\/www.acapulcopress.com\/index.php\/wp-json\/wp\/v2\/posts\/1251780","targetHints":{"allow":["GET"]}}],"collection":[{"href":"https:\/\/www.acapulcopress.com\/index.php\/wp-json\/wp\/v2\/posts"}],"about":[{"href":"https:\/\/www.acapulcopress.com\/index.php\/wp-json\/wp\/v2\/types\/post"}],"author":[{"embeddable":true,"href":"https:\/\/www.acapulcopress.com\/index.php\/wp-json\/wp\/v2\/users\/2"}],"replies":[{"embeddable":true,"href":"https:\/\/www.acapulcopress.com\/index.php\/wp-json\/wp\/v2\/comments?post=1251780"}],"version-history":[{"count":0,"href":"https:\/\/www.acapulcopress.com\/index.php\/wp-json\/wp\/v2\/posts\/1251780\/revisions"}],"wp:featuredmedia":[{"embeddable":true,"href":"https:\/\/www.acapulcopress.com\/index.php\/wp-json\/"}],"wp:attachment":[{"href":"https:\/\/www.acapulcopress.com\/index.php\/wp-json\/wp\/v2\/media?parent=1251780"}],"wp:term":[{"taxonomy":"category","embeddable":true,"href":"https:\/\/www.acapulcopress.com\/index.php\/wp-json\/wp\/v2\/categories?post=1251780"},{"taxonomy":"post_tag","embeddable":true,"href":"https:\/\/www.acapulcopress.com\/index.php\/wp-json\/wp\/v2\/tags?post=1251780"}],"curies":[{"name":"wp","href":"https:\/\/api.w.org\/{rel}","templated":true}]}}