{"id":1251789,"date":"2023-03-13T09:38:06","date_gmt":"2023-03-13T15:38:06","guid":{"rendered":"https:\/\/www.acapulcopress.com\/?p=1251789"},"modified":"2023-03-13T09:38:06","modified_gmt":"2023-03-13T15:38:06","slug":"asistio-titular-de-seg-a-concurso-regional-de-bandas-de-guerra-y-escoltas-del-cobach","status":"publish","type":"post","link":"https:\/\/www.acapulcopress.com\/index.php\/2023\/03\/13\/asistio-titular-de-seg-a-concurso-regional-de-bandas-de-guerra-y-escoltas-del-cobach\/","title":{"rendered":"Asisti\u00f3 titular de SEG a concurso regional de Bandas de Guerra y Escoltas del Cobach"},"content":{"rendered":"<p style=\"text-align: justify;\">CHILPANCINGO * 13 de marzo de 2023.<br \/>\n<em>) SEG<\/em><br \/>\nEl secretario de Educaci\u00f3n en Guerrero, <a href=\"https:\/\/www.facebook.com\/MarcialRodriguezS\" target=\"_blank\" rel=\"noopener\">Marcial Rodr\u00edguez Salda\u00f1a<\/a>, asisti\u00f3 a la <img loading=\"lazy\" decoding=\"async\" class=\"alignleft size-medium wp-image-1251791\" src=\"https:\/\/www.acapulcopress.com\/wp-content\/uploads\/2023\/03\/seg-bandas2-375x211.jpg\" alt=\"\" width=\"375\" height=\"211\" \/>inauguraci\u00f3n del Concurso Regional de Bandas de Guerra y Escoltas, de estudiantes del <a href=\"https:\/\/www.facebook.com\/CobachGro\" target=\"_blank\" rel=\"noopener\">Colegio de Bachilleres<\/a> (Cobach) de la regi\u00f3n centro.<\/p>\n<p style=\"text-align: justify;\">El responsable de la educaci\u00f3n en el Estado, expres\u00f3 que la gobernadora <a href=\"https:\/\/www.facebook.com\/EvelynSalgadoP\" target=\"_blank\" rel=\"noopener\">Evelyn Salgado Pineda<\/a>, impulsa que se arraiguen los valores c\u00edvicos en los estudiantes de todos los niveles educativos en la entidad.<\/p>\n<p style=\"text-align: justify;\">Estuvieron en el evento la secretaria de la Juventud, Jessica Maldonado Morales, en representaci\u00f3n de la Gobernadora Evelyn Salgado; Marco Antonio Marb\u00e1n Galv\u00e1n, subsecretario de Educaci\u00f3n Media Superior y Superior; Jes\u00fas Villanueva Vega, director general del Cobach; docentes y directivos, as\u00ed como representantes de la 35\/a. Zona Militar y de distintas dependencias del gobierno estatal y municipal.<\/p>\n<p style=\"text-align: justify;\"><em>) S\u00edguenos en Facebook.com\/<a href=\"https:\/\/www.facebook.com\/acapulcopress.news\" target=\"_blank\" rel=\"noopener\">acapulcopress.news<\/a><\/em><\/p>\n","protected":false},"excerpt":{"rendered":"<p>CHILPANCINGO * 13 de marzo de 2023. ) SEG El secretario de Educaci\u00f3n en Guerrero, Marcial Rodr\u00edguez Salda\u00f1a, asisti\u00f3 a la inauguraci\u00f3n del Concurso Regional de Bandas de Guerra y Escoltas, de estudiantes del Colegio de Bachilleres (Cobach) de la regi\u00f3n centro. El responsable de la educaci\u00f3n en el Estado, expres\u00f3 que la gobernadora Evelyn&#8230;<\/p>\n","protected":false},"author":2,"featured_media":1251790,"comment_status":"closed","ping_status":"closed","sticky":false,"template":"","format":"standard","meta":{"footnotes":""},"categories":[18561,2081],"tags":[6008,6319,12457],"class_list":["post-1251789","post","type-post","status-publish","format-standard","has-post-thumbnail","hentry","category-society-politics","category-seg","tag-colegio-de-bachilleres-cobach","tag-concurso-regional-de-bandas-de-guerra-y-escoltas-cobach-2023","tag-marcial-rodriguez-saldana"],"_links":{"self":[{"href":"https:\/\/www.acapulcopress.com\/index.php\/wp-json\/wp\/v2\/posts\/1251789","targetHints":{"allow":["GET"]}}],"collection":[{"href":"https:\/\/www.acapulcopress.com\/index.php\/wp-json\/wp\/v2\/posts"}],"about":[{"href":"https:\/\/www.acapulcopress.com\/index.php\/wp-json\/wp\/v2\/types\/post"}],"author":[{"embeddable":true,"href":"https:\/\/www.acapulcopress.com\/index.php\/wp-json\/wp\/v2\/users\/2"}],"replies":[{"embeddable":true,"href":"https:\/\/www.acapulcopress.com\/index.php\/wp-json\/wp\/v2\/comments?post=1251789"}],"version-history":[{"count":0,"href":"https:\/\/www.acapulcopress.com\/index.php\/wp-json\/wp\/v2\/posts\/1251789\/revisions"}],"wp:featuredmedia":[{"embeddable":true,"href":"https:\/\/www.acapulcopress.com\/index.php\/wp-json\/"}],"wp:attachment":[{"href":"https:\/\/www.acapulcopress.com\/index.php\/wp-json\/wp\/v2\/media?parent=1251789"}],"wp:term":[{"taxonomy":"category","embeddable":true,"href":"https:\/\/www.acapulcopress.com\/index.php\/wp-json\/wp\/v2\/categories?post=1251789"},{"taxonomy":"post_tag","embeddable":true,"href":"https:\/\/www.acapulcopress.com\/index.php\/wp-json\/wp\/v2\/tags?post=1251789"}],"curies":[{"name":"wp","href":"https:\/\/api.w.org\/{rel}","templated":true}]}}