{"id":1251793,"date":"2023-03-13T20:37:32","date_gmt":"2023-03-14T02:37:32","guid":{"rendered":"https:\/\/www.acapulcopress.com\/?p=1251793"},"modified":"2023-03-13T20:37:32","modified_gmt":"2023-03-14T02:37:32","slug":"titular-del-bienestar-da-seguimiento-a-compromisos-de-evelyn-salgado-en-la-sierra","status":"publish","type":"post","link":"https:\/\/www.acapulcopress.com\/index.php\/2023\/03\/13\/titular-del-bienestar-da-seguimiento-a-compromisos-de-evelyn-salgado-en-la-sierra\/","title":{"rendered":"Titular del Bienestar da seguimiento a compromisos de Evelyn Salgado en la Sierra"},"content":{"rendered":"<p style=\"text-align: justify;\">PETATL\u00c1N * 13 de marzo de 2023.<br \/>\n<em>) <a href=\"https:\/\/www.facebook.com\/GobiernoGuerrero\" target=\"_blank\" rel=\"noopener\">Gobierno de Guerrero<\/a><\/em><br \/>\nEn la comunidad de El Parotal de este municipio, la secretaria de Bienestar, <a href=\"https:\/\/www.facebook.com\/maricarmencabreralagunas\" target=\"_blank\" rel=\"noopener\">Mar\u00eda del <img loading=\"lazy\" decoding=\"async\" class=\"alignleft size-medium wp-image-1251795\" src=\"https:\/\/www.acapulcopress.com\/wp-content\/uploads\/2023\/03\/marcarmen-cabrera2-375x250.jpg\" alt=\"\" width=\"375\" height=\"250\" \/>Carmen Cabrera Lagunas<\/a>, visit\u00f3 este fin de semana las comunidades de la ruta Santa Rosa\/El Durazno en la zona de la sierra de Costa Grande y Tierra Caliente, para dar seguimiento a los compromisos de la gobernadora <a href=\"https:\/\/www.facebook.com\/EvelynSalgadoP\" target=\"_blank\" rel=\"noopener\">Evelyn Salgado Pineda<\/a> en su reciente visita a esta zona donde se atiende a m\u00e1s de 6 mil habitantes y se tiene una inversi\u00f3n de m\u00e1s de 20 millones de pesos entre el 2022 y 2023 en los diversos programas del desarrollo en el estado.<\/p>\n<p style=\"text-align: justify;\">La titular del Bienestar este domingo dijo que se reuni\u00f3 con comisarios, comisariados y habitantes en su visita al Ejido de Corrales, la localidad de El Parotal y El Mameycito, donde se est\u00e1 realizando un trabajo integral de acuerdo a las demandas de la poblaci\u00f3n que se suma a la atenci\u00f3n en materia de seguridad que se brinda a la parte alta de la Sierra.<\/p>\n<p style=\"text-align: justify;\">\u00abEn esta ruta se est\u00e1n atendiendo a m\u00e1s de 6 mil habitantes. Llevamos el mensaje de que nunca m\u00e1s la gente de la Sierra se van a sentir solos, siempre estar\u00e1 el acompa\u00f1amiento del gobierno del estado; que el amor y en compromiso que tiene nuestra gobernadora con toda la gente de la Sierra est\u00e1 reflejado en el presupuesto, est\u00e1 reflejado en hechos y con el trabajo de territorio de cada una de las secretar\u00edas, empezando por la Secretar\u00eda de <img loading=\"lazy\" decoding=\"async\" class=\"alignleft size-medium wp-image-1251794\" src=\"https:\/\/www.acapulcopress.com\/wp-content\/uploads\/2023\/03\/marcarmen-cabrera-375x563.jpg\" alt=\"\" width=\"375\" height=\"563\" \/>Bienestar\u00bb, afirm\u00f3 Cabrera Lagunas.<\/p>\n<p style=\"text-align: justify;\">Dijo que adem\u00e1s de la visita de la gobernadora Evelyn Salgado el pasado 7 de marzo a la localidad de El Durazno, su gobierno a trav\u00e9s de la Secretar\u00eda de Bienestar invirti\u00f3 en 2022 m\u00e1s de 9 millones de pesos en mejoramiento de vivienda, rehabilitaci\u00f3n de escuelas de nivel b\u00e1sico, programas de desarrollo humano y comunitario, as\u00ed como alimentaci\u00f3n y proyectos productivos en las localidades de San Antonio de las Tejas, Vallados y en la Sierrita de Bajos del Balzamar que forman parte a este corredor en la Sierra de Guerrero.<\/p>\n<p style=\"text-align: justify;\">La funcionaria estatal puntualiz\u00f3 que en la Sierra se est\u00e1 realizando un trabajo integral y a\u00f1adi\u00f3 que para este a\u00f1o 2023 ser\u00e1n invertidos m\u00e1s de 10 millones de pesos exclusivamente para el mejoramiento de vivienda, sumando a dos comunidades m\u00e1s de la ruta de Santa Rosa\/El Durazno al programa como fue el compromiso de la gobernadora Evelyn Salgado, para seguir beneficiando a m\u00e1s habitantes de esta regi\u00f3n.<\/p>\n<p style=\"text-align: justify;\">Cabrera Lagunas indic\u00f3 que asumi\u00f3 el compromiso de seguir trabajando en las localidades de esta zona de la Sierra llevando Jornadas del Bienestar para recorrer los pueblos de esta ruta en los pr\u00f3ximos d\u00edas, adem\u00e1s de apoyar con los 17 programas sociales que ofrece la dependencia estatal implementados en las comunidades de la ruta de Santa Rosa\/El Durazno, para que el Bienestar llegue hasta el \u00faltimo rinc\u00f3n de la Sierra.<\/p>\n<p style=\"text-align: justify;\">\u00abEl compromiso de la gobernadora Evelyn Salgado es hacer brillar a La Sierra, lograr la paz, el desarrollo y felicidad de las mujeres y los hombres la zona serrana\u00bb, dijo la titular de Bienestar quien destac\u00f3 el agradecimiento de los habitantes de estas comunidades a la gobernadora Evelyn Salgado por atender sus llamados y brindar el acompa\u00f1amiento del gobierno del estado en materia de seguridad, desarrollo y bienestar.<\/p>\n<p style=\"text-align: justify;\"><em>) S\u00edguenos en Facebook.com\/<a href=\"https:\/\/www.facebook.com\/acapulcopress.news\" target=\"_blank\" rel=\"noopener\">acapulcopress.news<\/a><\/em><\/p>\n","protected":false},"excerpt":{"rendered":"<p>PETATL\u00c1N * 13 de marzo de 2023. ) Gobierno de Guerrero En la comunidad de El Parotal de este municipio, la secretaria de Bienestar, Mar\u00eda del Carmen Cabrera Lagunas, visit\u00f3 este fin de semana las comunidades de la ruta Santa Rosa\/El Durazno en la zona de la sierra de Costa Grande y Tierra Caliente, para&#8230;<\/p>\n","protected":false},"author":2,"featured_media":1251796,"comment_status":"closed","ping_status":"closed","sticky":false,"template":"","format":"standard","meta":{"footnotes":""},"categories":[1972,1983,18561],"tags":[8251,9302,10961,12545],"class_list":["post-1251793","post","type-post","status-publish","format-standard","has-post-thumbnail","hentry","category-special","category-guerrerogob","category-society-politics","tag-evelyn-salgado-pineda","tag-gobierno-de-guerrero","tag-jornadas-del-bienestar","tag-maria-del-carmen-cabrera-lagunas"],"_links":{"self":[{"href":"https:\/\/www.acapulcopress.com\/index.php\/wp-json\/wp\/v2\/posts\/1251793","targetHints":{"allow":["GET"]}}],"collection":[{"href":"https:\/\/www.acapulcopress.com\/index.php\/wp-json\/wp\/v2\/posts"}],"about":[{"href":"https:\/\/www.acapulcopress.com\/index.php\/wp-json\/wp\/v2\/types\/post"}],"author":[{"embeddable":true,"href":"https:\/\/www.acapulcopress.com\/index.php\/wp-json\/wp\/v2\/users\/2"}],"replies":[{"embeddable":true,"href":"https:\/\/www.acapulcopress.com\/index.php\/wp-json\/wp\/v2\/comments?post=1251793"}],"version-history":[{"count":0,"href":"https:\/\/www.acapulcopress.com\/index.php\/wp-json\/wp\/v2\/posts\/1251793\/revisions"}],"wp:featuredmedia":[{"embeddable":true,"href":"https:\/\/www.acapulcopress.com\/index.php\/wp-json\/"}],"wp:attachment":[{"href":"https:\/\/www.acapulcopress.com\/index.php\/wp-json\/wp\/v2\/media?parent=1251793"}],"wp:term":[{"taxonomy":"category","embeddable":true,"href":"https:\/\/www.acapulcopress.com\/index.php\/wp-json\/wp\/v2\/categories?post=1251793"},{"taxonomy":"post_tag","embeddable":true,"href":"https:\/\/www.acapulcopress.com\/index.php\/wp-json\/wp\/v2\/tags?post=1251793"}],"curies":[{"name":"wp","href":"https:\/\/api.w.org\/{rel}","templated":true}]}}