{"id":1251805,"date":"2023-03-13T21:22:46","date_gmt":"2023-03-14T03:22:46","guid":{"rendered":"https:\/\/www.acapulcopress.com\/?p=1251805"},"modified":"2023-03-13T21:22:46","modified_gmt":"2023-03-14T03:22:46","slug":"intensifican-operativos-y-estrategia-de-seguridad-en-guerrero","status":"publish","type":"post","link":"https:\/\/www.acapulcopress.com\/index.php\/2023\/03\/13\/intensifican-operativos-y-estrategia-de-seguridad-en-guerrero\/","title":{"rendered":"Intensifican operativos y estrategia de seguridad en Guerrero"},"content":{"rendered":"<p style=\"text-align: justify;\">CHILPANCINGO * 13 de marzo de 2023.<br \/>\n<em>) Coordinaci\u00f3n para la Construcci\u00f3n de la Paz<\/em><br \/>\nLa gobernadora <a href=\"https:\/\/www.facebook.com\/EvelynSalgadoP\" target=\"_blank\" rel=\"noopener\">Evelyn Salgado Pineda<\/a> atendi\u00f3 los temas de seguridad en la sesi\u00f3n de la <em>Mesa de Coordinaci\u00f3n para la Construcci\u00f3n de la Paz<\/em> donde se acord\u00f3 intensificar los operativos conjuntos entre los tres niveles de gobierno para inhibir los actos delictivos y mejorar la tranquilidad de las y los guerrerenses, as\u00ed como priorizar la protecci\u00f3n a las mujeres para continuar en la ruta de disminuir los \u00edndices de violencia de g\u00e9nero y feminicidios.<\/p>\n<p style=\"text-align: justify;\">La mandataria estatal dio seguimiento a los operativos desplegados en la zona Norte, Acapulco y en otros puntos del estado para reforzar la seguridad de los habitantes, como parte de la estrategia integral con proximidad social y respeto irrestricto a los derechos humanos.<\/p>\n<p style=\"text-align: justify;\">La gobernadora reconoci\u00f3 el apoyo de la Secretar\u00eda de la Defensa Nacional y de todas las instituciones que integran la Mesa de Coordinaci\u00f3n y su compromiso con la reducir los \u00edndices delictivos y homicidios dolosos relacionados con grupos delictivos en la ruta de mejorar las condiciones de paz y seguridad en Guerrero.<\/p>\n<p style=\"text-align: justify;\">Las instituciones de seguridad informaron de la incidencia delictiva durante este fin de semana en Guerrero adem\u00e1s de los resultados de las acciones conjuntas que dej\u00f3 la detenci\u00f3n de 22 personas del fuero federal, fuero com\u00fan y faldas administrativas en diversos puntos de la entidad, as\u00ed como la recuperaci\u00f3n y aseguramiento de 22 veh\u00edculos, entre otros resultados.<\/p>\n<p style=\"text-align: justify;\"><em>) S\u00edguenos en Facebook.com\/<a href=\"https:\/\/www.facebook.com\/acapulcopress.news\" target=\"_blank\" rel=\"noopener\">acapulcopress.news<\/a><\/em><\/p>\n","protected":false},"excerpt":{"rendered":"<p>CHILPANCINGO * 13 de marzo de 2023. ) Coordinaci\u00f3n para la Construcci\u00f3n de la Paz La gobernadora Evelyn Salgado Pineda atendi\u00f3 los temas de seguridad en la sesi\u00f3n de la Mesa de Coordinaci\u00f3n para la Construcci\u00f3n de la Paz donde se acord\u00f3 intensificar los operativos conjuntos entre los tres niveles de gobierno para inhibir los&#8230;<\/p>\n","protected":false},"author":2,"featured_media":1251806,"comment_status":"closed","ping_status":"closed","sticky":false,"template":"","format":"standard","meta":{"footnotes":""},"categories":[1969,2005],"tags":[8251,12964,16205],"class_list":["post-1251805","post","type-post","status-publish","format-standard","has-post-thumbnail","hentry","category-trending","category-seguridad-y-justicia","tag-evelyn-salgado-pineda","tag-mesa-de-coordinacion-para-la-construccion-de-la-paz","tag-secretaria-de-la-defensa-nacional"],"_links":{"self":[{"href":"https:\/\/www.acapulcopress.com\/index.php\/wp-json\/wp\/v2\/posts\/1251805","targetHints":{"allow":["GET"]}}],"collection":[{"href":"https:\/\/www.acapulcopress.com\/index.php\/wp-json\/wp\/v2\/posts"}],"about":[{"href":"https:\/\/www.acapulcopress.com\/index.php\/wp-json\/wp\/v2\/types\/post"}],"author":[{"embeddable":true,"href":"https:\/\/www.acapulcopress.com\/index.php\/wp-json\/wp\/v2\/users\/2"}],"replies":[{"embeddable":true,"href":"https:\/\/www.acapulcopress.com\/index.php\/wp-json\/wp\/v2\/comments?post=1251805"}],"version-history":[{"count":0,"href":"https:\/\/www.acapulcopress.com\/index.php\/wp-json\/wp\/v2\/posts\/1251805\/revisions"}],"wp:featuredmedia":[{"embeddable":true,"href":"https:\/\/www.acapulcopress.com\/index.php\/wp-json\/"}],"wp:attachment":[{"href":"https:\/\/www.acapulcopress.com\/index.php\/wp-json\/wp\/v2\/media?parent=1251805"}],"wp:term":[{"taxonomy":"category","embeddable":true,"href":"https:\/\/www.acapulcopress.com\/index.php\/wp-json\/wp\/v2\/categories?post=1251805"},{"taxonomy":"post_tag","embeddable":true,"href":"https:\/\/www.acapulcopress.com\/index.php\/wp-json\/wp\/v2\/tags?post=1251805"}],"curies":[{"name":"wp","href":"https:\/\/api.w.org\/{rel}","templated":true}]}}