{"id":1251810,"date":"2023-03-13T22:03:50","date_gmt":"2023-03-14T04:03:50","guid":{"rendered":"https:\/\/www.acapulcopress.com\/?p=1251810"},"modified":"2023-03-13T22:03:50","modified_gmt":"2023-03-14T04:03:50","slug":"gustavo-de-hoyos-se-autodestapa-para-la-presidencia-2024","status":"publish","type":"post","link":"https:\/\/www.acapulcopress.com\/index.php\/2023\/03\/13\/gustavo-de-hoyos-se-autodestapa-para-la-presidencia-2024\/","title":{"rendered":"Gustavo de Hoyos se autodestapa para la Presidencia 2024"},"content":{"rendered":"<p style=\"text-align: justify;\">CIUDAD DE M\u00c9XICO * 13 de marzo de 2023.<br \/>\n<em>) <a href=\"https:\/\/www.informador.mx\/mexico\/Elecciones-Mexico-2024-Confirmado-Gustavo-de-Hoyos-se-destapa-rumbo-a-la-Presidencia-20230313-0058.html\" target=\"_blank\" rel=\"noopener\">El Informador<\/a><\/em><br \/>\nEl empresario Gustavo de Hoyos se destap\u00f3 este lunes como aspirante presidencial <img loading=\"lazy\" decoding=\"async\" class=\"alignleft size-medium wp-image-1251816\" src=\"https:\/\/www.acapulcopress.com\/wp-content\/uploads\/2023\/03\/gustavo-de-hoyos-2-375x211.jpg\" alt=\"\" width=\"375\" height=\"211\" \/>ciudadano para el 2024, y dijo que \u00ablos mexicanos estamos hasta la madre de los pol\u00edticos, pues sexenio tras sexenio nos han demostrado que son unos incompetentes\u00bb.<\/p>\n<p style=\"text-align: justify;\">A trav\u00e9s de un video, el expresidente del Consejo Coordinador Empresarial confirm\u00f3 que s\u00ed quiere ser abanderado presidencial: se dijo listo y con la intenci\u00f3n de encabezar este esfuerzo.<\/p>\n<p style=\"text-align: justify;\">\u00abSoy Gustavo de Hoyos, orgullosamente norte\u00f1o y fronterizo, no vivo de la pol\u00edtica y as\u00ed como en mis negocios y mi vida privada, me gusta ser claro y directo: \u00a1Yo estoy listo y me apunto! Yo quiero encabezar ese esfuerzo\u00bb, asegur\u00f3.<\/p>\n<p style=\"text-align: justify;\"><strong>Pol\u00edticos tienen otras prioridades<br \/>\n<\/strong><br \/>\nEn el video de menos de un minuto que ya circula en redes sociales, dijo que los pol\u00edticos tienen otras prioridades m\u00e1s importantes que los ciudadanos.<\/p>\n<p style=\"text-align: justify;\">Por lo que se cuestion\u00f3 sobre qu\u00e9 pasar\u00eda si \u00abuno de nosotros\u00bb se levanta y toma las riendas del pa\u00eds.<\/p>\n<p style=\"text-align: justify;\">\u00ab\u00bfQu\u00e9 pasar\u00eda si uno de nosotros se levanta para tomar las riendas de este pa\u00eds? Alguien que sienta lo mismo que nosotros. A m\u00ed me preocupa mi familia, mi trabajo y mi pa\u00eds\u2026 tengo la misma sangre que t\u00fa, alguien que no est\u00e1 podrido del poder\u00bb, explica en el video.<\/p>\n<p style=\"text-align: justify;\">Gustavo de Hoyos renunciar\u00e1 a Unid@s, a S\u00ed por M\u00e9xico, a los consejos de la Coparmex y del Consejo Coordinador Empresarial para recorrer el pa\u00eds y presentar sus propuestas.<\/p>\n<div style=\"width: 1160px;\" class=\"wp-video\"><video class=\"wp-video-shortcode\" id=\"video-1251810-1\" width=\"1160\" height=\"653\" preload=\"metadata\" controls=\"controls\"><source type=\"video\/mp4\" src=\"https:\/\/www.acapulcopress.com\/wp-content\/uploads\/2023\/03\/DE-HOYOS-HASTA-LA-MADRE.mp4?_=1\" \/><a href=\"https:\/\/www.acapulcopress.com\/wp-content\/uploads\/2023\/03\/DE-HOYOS-HASTA-LA-MADRE.mp4\">https:\/\/www.acapulcopress.com\/wp-content\/uploads\/2023\/03\/DE-HOYOS-HASTA-LA-MADRE.mp4<\/a><\/video><\/div>\n<p style=\"text-align: justify;\"><em>) S\u00edguenos en Facebook.com\/<a href=\"https:\/\/www.facebook.com\/acapulcopress.news\" target=\"_blank\" rel=\"noopener\">acapulcopress.news<\/a><\/em><\/p>\n","protected":false},"excerpt":{"rendered":"<p>CIUDAD DE M\u00c9XICO * 13 de marzo de 2023. ) El Informador El empresario Gustavo de Hoyos se destap\u00f3 este lunes como aspirante presidencial ciudadano para el 2024, y dijo que \u00ablos mexicanos estamos hasta la madre de los pol\u00edticos, pues sexenio tras sexenio nos han demostrado que son unos incompetentes\u00bb. A trav\u00e9s de un&#8230;<\/p>\n","protected":false},"author":2,"featured_media":1251815,"comment_status":"closed","ping_status":"closed","sticky":false,"template":"","format":"standard","meta":{"footnotes":""},"categories":[1972,18561,2009],"tags":[],"class_list":["post-1251810","post","type-post","status-publish","format-standard","has-post-thumbnail","hentry","category-special","category-society-politics","category-politics"],"_links":{"self":[{"href":"https:\/\/www.acapulcopress.com\/index.php\/wp-json\/wp\/v2\/posts\/1251810","targetHints":{"allow":["GET"]}}],"collection":[{"href":"https:\/\/www.acapulcopress.com\/index.php\/wp-json\/wp\/v2\/posts"}],"about":[{"href":"https:\/\/www.acapulcopress.com\/index.php\/wp-json\/wp\/v2\/types\/post"}],"author":[{"embeddable":true,"href":"https:\/\/www.acapulcopress.com\/index.php\/wp-json\/wp\/v2\/users\/2"}],"replies":[{"embeddable":true,"href":"https:\/\/www.acapulcopress.com\/index.php\/wp-json\/wp\/v2\/comments?post=1251810"}],"version-history":[{"count":0,"href":"https:\/\/www.acapulcopress.com\/index.php\/wp-json\/wp\/v2\/posts\/1251810\/revisions"}],"wp:featuredmedia":[{"embeddable":true,"href":"https:\/\/www.acapulcopress.com\/index.php\/wp-json\/"}],"wp:attachment":[{"href":"https:\/\/www.acapulcopress.com\/index.php\/wp-json\/wp\/v2\/media?parent=1251810"}],"wp:term":[{"taxonomy":"category","embeddable":true,"href":"https:\/\/www.acapulcopress.com\/index.php\/wp-json\/wp\/v2\/categories?post=1251810"},{"taxonomy":"post_tag","embeddable":true,"href":"https:\/\/www.acapulcopress.com\/index.php\/wp-json\/wp\/v2\/tags?post=1251810"}],"curies":[{"name":"wp","href":"https:\/\/api.w.org\/{rel}","templated":true}]}}