{"id":1251811,"date":"2023-03-13T21:45:47","date_gmt":"2023-03-14T03:45:47","guid":{"rendered":"https:\/\/www.acapulcopress.com\/?p=1251811"},"modified":"2023-03-13T21:45:47","modified_gmt":"2023-03-14T03:45:47","slug":"el-potencial-economico-de-la-cultura-y-arte-popular-guerrerenses","status":"publish","type":"post","link":"https:\/\/www.acapulcopress.com\/index.php\/2023\/03\/13\/el-potencial-economico-de-la-cultura-y-arte-popular-guerrerenses\/","title":{"rendered":"El potencial econ\u00f3mico de la Cultura y Arte Popular guerrerenses"},"content":{"rendered":"<p style=\"text-align: justify;\">Marem\u00e1gnum<br \/>\n\u00bb <strong>RICARDO<\/strong> | <strong>CASTILLO BARRIENTOS<\/strong><br \/>\n<em>) Facebook: @<a href=\"https:\/\/www.facebook.com\/ricardocastill01\" target=\"_blank\" rel=\"noopener\">Ricardo Castillo Barrientos<\/a><\/em><\/p>\n<p style=\"text-align: justify;\">El estado de Guerrero es inmensamente pr\u00f3digo en Cultura y Arte Popular, como muy pocas entidades del pa\u00eds y naciones del mundo. Somos afortunados de contar con un gran patrimonio art\u00edstico y cultural, muy poco aprovechado y valorado por autoridades en los tres \u00f3rdenes y la misma sociedad, excepto los pueblos originarios.<\/p>\n<p style=\"text-align: justify;\">A pesar que tenemos condiciones excepcionales para transitar hacia el desarrollo, venimos arrastrando pesadas cadenas que impiden mejorar las condiciones de vida de considerables n\u00facleos de coterr\u00e1neos.<\/p>\n<p style=\"text-align: justify;\">En Guerrero tenemos en cada una de las regiones vastas zonas arqueol\u00f3gicas, desde la cultura olmeca a la mexica o n\u00e1huatl. Investigadores del Instituto Nacional de Antropolog\u00eda e Historia (INAH), han realizado estudios exhaustivos y elaboraron el Atlas Arqueol\u00f3gico del Estado de Guerrero, a cargo de la arque\u00f3loga Martha Cabrera Guerrero. Importante nicho de turismo cultural. Hay varios territorios explorados y con vestigios visibles para quienes disfrutan de este segmento tur\u00edstico.<\/p>\n<p style=\"text-align: justify;\">En otro tenor, no tenemos nada que envidiar a Oaxaca con la esplendorosa Guelaguetza, su m\u00e1s grande festividad anual respaldada en una magn\u00edfica infraestructura que atrae a caravanas de visitantes nacionales y extranjeros.<\/p>\n<p style=\"text-align: justify;\">Tambi\u00e9n Guerrero tiene lo suyo, m\u00e1s abundante y de indiscutible calidad como el fandango guerrerense, que no ha sido impulsado por falta de apoyo y visi\u00f3n de gobernantes e instituciones culturales, a excepci\u00f3n del ex gobernador Alejandro Cervantes Delgado, qui\u00e9n supo apreciar nuestra Cultura y Arte Popular en toda su dimensi\u00f3n.<\/p>\n<p style=\"text-align: justify;\">Contamos con una inmensa cantidad de danzas y bailes regionales dignos de admiraci\u00f3n y alegr\u00eda, acompa\u00f1ados de m\u00fasica de variados ritmos: pre-hisp\u00e1nicos, coloniales, post-independencia y revoluci\u00f3n. Las chilenas y sones son espl\u00e9ndidamente armoniosos.<br \/>\nChilpancingo, celebra cada a\u00f1o <em>La Feria de Navidad y A\u00f1o Nuevo<\/em>, antes conocida como Feria de San Mateo, que inicia a mediados de diciembre con el \u201cPaseo del Pend\u00f3n\u201d, donde participan infinidad de grupos de danzas y bailables de las regiones, que hacen un vistoso recorrido por las calles, ante el asombro y algarab\u00eda de propios y extra\u00f1os que disfrutan un gran espect\u00e1culo aut\u00f3ctono, \u00fanico en su g\u00e9nero.<\/p>\n<p style=\"text-align: justify;\">Otro portento cultural es la Orquesta Filarm\u00f3nica de Acapulco (OFA), bajo la direcci\u00f3n del reconocido m\u00fasico mexicano, Eduardo \u00c1lvarez , que cuenta con un amplio repertorio de m\u00fasica cl\u00e1sica y regional, cuyos conciertos embelesan el alma y sentidos. Magno acierto del ex gobernador \u00c1ngel Aguirre, en su primer periodo de gobierno.<\/p>\n<p style=\"text-align: justify;\">Contamos tambi\u00e9n con algunos museos: Acapulco, Fuerte de San Diego y Museo 7 Regiones; Chilpancingo, Museo Regional de Guerrero y Museo La Avispa; Iguala, Museo La Bandera; Taxco, Museo Guillermo Spralting, Museo de La Plater\u00eda y Casa Humboldt, por mencionar los principales.<\/p>\n<p style=\"text-align: justify;\">Respecto a la importancia econ\u00f3mica de las artesan\u00edas, queda para la siguiente entrega, a fin de entrar a un an\u00e1lisis m\u00e1s detallado.<\/p>\n<p style=\"text-align: justify;\"><strong>Marea Baja.-<\/strong> Para los habitantes de la regi\u00f3n Norte, la ampliaci\u00f3n de la carretera Iguala-Teloloapan, es un sue\u00f1o acariciado durante muchos a\u00f1os, porque es puerta de entrada a laTierra Caliente, rezagada en comparaci\u00f3n a otras regiones donde se est\u00e1n desarrollando proyectos carreteros de gran calado, como en la Costa Chica y Costa Grande.<\/p>\n<p style=\"text-align: justify;\">Recientemente se ha constituido el Comit\u00e9 Pro-Ampliaci\u00f3n de esa importante carretera, que deber\u00e1 ser atendido y apoyado por la gobernadora Evelyn Salgado Pineda, por el enorme cari\u00f1o que le profesa a esa regi\u00f3n.<\/p>\n<p style=\"text-align: justify;\"><strong>Marea Alta.-<\/strong> D\u00edgase lo que se diga, la inflaci\u00f3n no cede y est\u00e1 pegando con tubo a la debilitada econom\u00eda popular. Las familias pobres, -la mayor\u00eda de la poblaci\u00f3n- y aun la clase media, sufren los embates del encarecimiento de productos b\u00e1sicos indispensables para el consumo diario.<\/p>\n<p style=\"text-align: justify;\">El precio de las tortillas se ha disparado por las nubes, el huevo, el frijol y el chile, est\u00e1n quedando fuera del alcance de la dieta familiar. Los consumidores se ven obligados hacer malabares con los pocos ingresos que obtienen de sus exiguos salarios. Se prometi\u00f3 una cosa, la realidad es otra.<\/p>\n<p style=\"text-align: justify;\"><strong>Maremoto.-<\/strong> La disputa por la silla presidencial en la arena morenista, se est\u00e1 tornando encarnizada y de una competencia feroz sin precedente. La codiciada candidatura es disputada palmo a palmo en todo el territorio nacional. Y faltan los candidatos de oposici\u00f3n.<br \/>\nSe hacen muchas especulaciones sobre quien resultar\u00e1 candidato o candidata de las corcholatas destapadas por el Presidente L\u00f3pez Obrador. Se afirma que Claudia es la favorita porque pertenece al grupo pol\u00edtico del mandatario, con quien est\u00e1 identificado ideol\u00f3gicamente y adem\u00e1s, la respalda la estructura del partido y la mayor\u00eda de las gobernadoras y gobernadores de Morena; mientras que Ad\u00e1n Augusto, est\u00e1 m\u00e1s identificado amistosamente con AMLO por ser amigo de anta\u00f1o y paisano de Tabasco.<br \/>\nDe Marcelo se dicen muchas cosas, entre ellas, que cedi\u00f3 la candidatura en 2012 y que hoy podr\u00eda haber una reconsideraci\u00f3n favorable. Ebrard tiene mayores preferencias en la sociedad civil y sector empresarial. Claudia y Ad\u00e1n Augusto tienen mayores simpat\u00edas en las huestes morenistas y lopezobradoristas que son bastantes.<\/p>\n<p style=\"text-align: justify;\">Carrera parejera, nadie la tiene segura. La moneda est\u00e1 en el aire y puede caer de cualquier lado.<\/p>\n<p style=\"text-align: justify;\"><em>) S\u00edguenos en Facebook.com\/<a href=\"https:\/\/www.facebook.com\/acapulcopress.news\" target=\"_blank\" rel=\"noopener\">acapulcopress.news<\/a><\/em><\/p>\n","protected":false},"excerpt":{"rendered":"<p>Marem\u00e1gnum \u00bb RICARDO | CASTILLO BARRIENTOS ) Facebook: @Ricardo Castillo Barrientos El estado de Guerrero es inmensamente pr\u00f3digo en Cultura y Arte Popular, como muy pocas entidades del pa\u00eds y naciones del mundo. Somos afortunados de contar con un gran patrimonio art\u00edstico y cultural, muy poco aprovechado y valorado por autoridades en los tres \u00f3rdenes&#8230;<\/p>\n","protected":false},"author":2,"featured_media":1251812,"comment_status":"closed","ping_status":"closed","sticky":false,"template":"","format":"standard","meta":{"footnotes":""},"categories":[2071,1991],"tags":[10302,12503,12736,15575],"class_list":["post-1251811","post","type-post","status-publish","format-standard","has-post-thumbnail","hentry","category-opinion-analisis-columnas","category-libertad-de-expresion","tag-instituto-nacional-de-antropologia-e-historia-inah","tag-maremagnum","tag-martha-cabrera-guerrero","tag-ricardo-castillo-barrientos"],"_links":{"self":[{"href":"https:\/\/www.acapulcopress.com\/index.php\/wp-json\/wp\/v2\/posts\/1251811","targetHints":{"allow":["GET"]}}],"collection":[{"href":"https:\/\/www.acapulcopress.com\/index.php\/wp-json\/wp\/v2\/posts"}],"about":[{"href":"https:\/\/www.acapulcopress.com\/index.php\/wp-json\/wp\/v2\/types\/post"}],"author":[{"embeddable":true,"href":"https:\/\/www.acapulcopress.com\/index.php\/wp-json\/wp\/v2\/users\/2"}],"replies":[{"embeddable":true,"href":"https:\/\/www.acapulcopress.com\/index.php\/wp-json\/wp\/v2\/comments?post=1251811"}],"version-history":[{"count":0,"href":"https:\/\/www.acapulcopress.com\/index.php\/wp-json\/wp\/v2\/posts\/1251811\/revisions"}],"wp:featuredmedia":[{"embeddable":true,"href":"https:\/\/www.acapulcopress.com\/index.php\/wp-json\/"}],"wp:attachment":[{"href":"https:\/\/www.acapulcopress.com\/index.php\/wp-json\/wp\/v2\/media?parent=1251811"}],"wp:term":[{"taxonomy":"category","embeddable":true,"href":"https:\/\/www.acapulcopress.com\/index.php\/wp-json\/wp\/v2\/categories?post=1251811"},{"taxonomy":"post_tag","embeddable":true,"href":"https:\/\/www.acapulcopress.com\/index.php\/wp-json\/wp\/v2\/tags?post=1251811"}],"curies":[{"name":"wp","href":"https:\/\/api.w.org\/{rel}","templated":true}]}}