{"id":1251823,"date":"2023-03-14T18:32:07","date_gmt":"2023-03-15T00:32:07","guid":{"rendered":"https:\/\/www.acapulcopress.com\/?p=1251823"},"modified":"2023-03-14T18:32:07","modified_gmt":"2023-03-15T00:32:07","slug":"participo-titular-de-seg-en-reunion-nacional-de-mejoredu","status":"publish","type":"post","link":"https:\/\/www.acapulcopress.com\/index.php\/2023\/03\/14\/participo-titular-de-seg-en-reunion-nacional-de-mejoredu\/","title":{"rendered":"Particip\u00f3 titular de SEG en reuni\u00f3n nacional de Mejoredu"},"content":{"rendered":"<p style=\"text-align: justify;\">CHILPANCINGO * 14 de marzo de 2023.<br \/>\n<em>) SEG<\/em><br \/>\n<img loading=\"lazy\" decoding=\"async\" class=\"alignleft size-medium wp-image-1251825\" src=\"https:\/\/www.acapulcopress.com\/wp-content\/uploads\/2023\/03\/mrs.seg2_-375x280.jpg\" alt=\"\" width=\"375\" height=\"280\" \/>El Secretario de<a href=\"https:\/\/www.facebook.com\/EducacionGuerrero\" target=\"_blank\" rel=\"noopener\"> Educaci\u00f3n en Guerrero<\/a>,<a href=\"https:\/\/www.facebook.com\/MarcialRodriguezS\" target=\"_blank\" rel=\"noopener\"> Marcial Rodr\u00edguez Salda\u00f1a<\/a>, particip\u00f3 en la reuni\u00f3n nacional del <em>Consejo Nacional para la Mejora Continua de la Educaci\u00f3n (Mejoredu),<\/em> cuya inauguraci\u00f3n estuvo a cargo de <a href=\"https:\/\/www.facebook.com\/LeticiaRamaya\" target=\"_blank\" rel=\"noopener\">Leticia Ram\u00edrez Amaya<\/a>, secretaria de Educaci\u00f3n P\u00fablica, a la cual asisten las Secretarias y Secretarios de Educaci\u00f3n de todo el pa\u00eds.<\/p>\n<p style=\"text-align: justify;\">Rodr\u00edguez Salda\u00f1a, expres\u00f3 que la gobernadora <a href=\"https:\/\/www.facebook.com\/EvelynSalgadoP\" target=\"_blank\" rel=\"noopener\">Evelyn Salgado Pineda<\/a>, promueve una profunda transformaci\u00f3n educativa en la entidad, como base fundamental del bienestar, desarrollo social, econ\u00f3mico, pol\u00edtico y cultural del pueblo de Guerrero.<\/p>\n<p><img loading=\"lazy\" decoding=\"async\" class=\"alignnone wp-image-1251826 size-large\" src=\"https:\/\/www.acapulcopress.com\/wp-content\/uploads\/2023\/03\/mrs.seg3_-840x565.jpg\" alt=\"\" width=\"696\" height=\"468\" \/><\/p>\n<p style=\"text-align: justify;\"><em>) S\u00edguenos en Facebook.com\/<a href=\"https:\/\/www.facebook.com\/acapulcopress.news\" target=\"_blank\" rel=\"noopener\">acapulcopress.news<\/a><\/em><\/p>\n","protected":false},"excerpt":{"rendered":"<p>CHILPANCINGO * 14 de marzo de 2023. ) SEG El Secretario de Educaci\u00f3n en Guerrero, Marcial Rodr\u00edguez Salda\u00f1a, particip\u00f3 en la reuni\u00f3n nacional del Consejo Nacional para la Mejora Continua de la Educaci\u00f3n (Mejoredu), cuya inauguraci\u00f3n estuvo a cargo de Leticia Ram\u00edrez Amaya, secretaria de Educaci\u00f3n P\u00fablica, a la cual asisten las Secretarias y Secretarios&#8230;<\/p>\n","protected":false},"author":2,"featured_media":1251824,"comment_status":"closed","ping_status":"closed","sticky":false,"template":"","format":"standard","meta":{"footnotes":""},"categories":[18561,2081],"tags":[6499,8251,11795,12457],"class_list":["post-1251823","post","type-post","status-publish","format-standard","has-post-thumbnail","hentry","category-society-politics","category-seg","tag-consejo-nacional-para-la-mejora-continua-de-la-educacion-mejoredu","tag-evelyn-salgado-pineda","tag-leticia-ramirez-amaya","tag-marcial-rodriguez-saldana"],"_links":{"self":[{"href":"https:\/\/www.acapulcopress.com\/index.php\/wp-json\/wp\/v2\/posts\/1251823","targetHints":{"allow":["GET"]}}],"collection":[{"href":"https:\/\/www.acapulcopress.com\/index.php\/wp-json\/wp\/v2\/posts"}],"about":[{"href":"https:\/\/www.acapulcopress.com\/index.php\/wp-json\/wp\/v2\/types\/post"}],"author":[{"embeddable":true,"href":"https:\/\/www.acapulcopress.com\/index.php\/wp-json\/wp\/v2\/users\/2"}],"replies":[{"embeddable":true,"href":"https:\/\/www.acapulcopress.com\/index.php\/wp-json\/wp\/v2\/comments?post=1251823"}],"version-history":[{"count":0,"href":"https:\/\/www.acapulcopress.com\/index.php\/wp-json\/wp\/v2\/posts\/1251823\/revisions"}],"wp:featuredmedia":[{"embeddable":true,"href":"https:\/\/www.acapulcopress.com\/index.php\/wp-json\/"}],"wp:attachment":[{"href":"https:\/\/www.acapulcopress.com\/index.php\/wp-json\/wp\/v2\/media?parent=1251823"}],"wp:term":[{"taxonomy":"category","embeddable":true,"href":"https:\/\/www.acapulcopress.com\/index.php\/wp-json\/wp\/v2\/categories?post=1251823"},{"taxonomy":"post_tag","embeddable":true,"href":"https:\/\/www.acapulcopress.com\/index.php\/wp-json\/wp\/v2\/tags?post=1251823"}],"curies":[{"name":"wp","href":"https:\/\/api.w.org\/{rel}","templated":true}]}}