{"id":1251829,"date":"2023-03-14T18:50:51","date_gmt":"2023-03-15T00:50:51","guid":{"rendered":"https:\/\/www.acapulcopress.com\/?p=1251829"},"modified":"2023-03-14T18:50:51","modified_gmt":"2023-03-15T00:50:51","slug":"la-delantera-de-la-diputada-yoloczin","status":"publish","type":"post","link":"https:\/\/www.acapulcopress.com\/index.php\/2023\/03\/14\/la-delantera-de-la-diputada-yoloczin\/","title":{"rendered":"La delantera de la diputada Yoloczin"},"content":{"rendered":"<p style=\"text-align: justify;\">Ep\u00edstolas Surianas<br \/>\n\u00bb<strong> JULIO<\/strong> | <strong>AYALA CARLOS<\/strong><br \/>\nepistolassurianas@hotmail.com<br \/>\n<em>) Facebook @<a href=\"https:\/\/www.facebook.com\/julio.ayalacarlos\" target=\"_blank\" rel=\"noopener\">julio.ayalacarlos<\/a><\/em><\/p>\n<p style=\"text-align: justify;\">Aunque faltan algunos meses para que inicie el proceso electoral local, cuya elecci\u00f3n, junto con la federal, en la que se elegir\u00e1 al nuevo presidente de la Rep\u00fablica, ser\u00e1 en julio del a\u00f1o pr\u00f3ximo, es decir, en el 2024, es indiscutible que quien lleva ventaja en Acapulco, para <img loading=\"lazy\" decoding=\"async\" class=\"alignleft size-medium wp-image-1251832\" src=\"https:\/\/www.acapulcopress.com\/wp-content\/uploads\/2023\/03\/yoloczin-dominguez-375x562.jpg\" alt=\"\" width=\"375\" height=\"562\" \/>la presidencia municipal, es nada menos que <a href=\"https:\/\/www.facebook.com\/YoloczinDominguez\" target=\"_blank\" rel=\"noopener\">Yoloczin Dom\u00ednguez Serna<\/a>, quien es diputada local, coordinadora de la fracci\u00f3n parlamentaria de Morena, y presidente de la Junta de Coordinaci\u00f3n Pol\u00edtica del <a href=\"https:\/\/www.facebook.com\/congresogro\" target=\"_blank\" rel=\"noopener\">Congreso del Estado<\/a>.<\/p>\n<p style=\"text-align: justify;\">Y no s\u00f3lo lleva delantera en su partido, en donde tambi\u00e9n busca repetir en el cargo la actual alcaldesa, <a href=\"https:\/\/www.facebook.com\/AbelinaLopezR\" target=\"_blank\" rel=\"noopener\">Abelina L\u00f3pez Rodr\u00edguez<\/a>, de quien hay que decir que es la peor presidente municipal que ha tenido Acapulco en los \u00faltimos 20 a\u00f1os, sino tambi\u00e9n en el PRI, en donde aspira la tambi\u00e9n diputada local <a href=\"https:\/\/www.facebook.com\/SoyJulietaFernandez\" target=\"_blank\" rel=\"noopener\">Julieta Fern\u00e1ndez M\u00e1rquez<\/a>, mientras que en el PRD, partido que tambi\u00e9n ha gobernado el Puerto, ni siquiera tiene aspirantes, al menos de mediano peso.<\/p>\n<p style=\"text-align: justify;\">La raz\u00f3n es sencilla. Dom\u00ednguez Serna no s\u00f3lo tiene una conexi\u00f3n constante y fluida con los acapulque\u00f1os, sino que no los ha abandonado en ning\u00fan momento, de tal forma que de manera continua se le ve recorriendo el municipio porte\u00f1o, lo que le ha tra\u00eddo el reconocimiento de los acapulque\u00f1os, sino que tambi\u00e9n les ayuda en lo que puede a trav\u00e9s de la gesti\u00f3n contante ante las autoridades correspondientes.<\/p>\n<p style=\"text-align: justify;\">Ciertamente, hay que decirlo, la diputada local por Morena forma parte de la nueva generaci\u00f3n pol\u00edticos en el estado, y lo que es m\u00e1s, con una nueva visi\u00f3n de c\u00f3mo resolver los problemas de los guerrerenses, y en especial de Acapulco que, hoy por hoy, es un desastre en manos de Abelina L\u00f3pez Rodr\u00edguez, de ah\u00ed que los porte\u00f1os vean con buenos ojos a Yoloczin Dom\u00ednguez Serna, quien ha sabido aprovechar el espacio de poder en el que se encuentra para demostrar que los j\u00f3venes, y las mujeres en particular, pueden hacer bien las cosas.<\/p>\n<p style=\"text-align: justify;\">\u00a1Y vaya que la legisladora lo ha demostrado\u2026!<\/p>\n<p style=\"text-align: justify;\">Como presidente de la Junta de Coordinaci\u00f3n Pol\u00edtica del Congreso del estado, la llamada Jucopo, ha demostrado que tiene oficio pol\u00edtico, capacidad para negociar, y disposici\u00f3n para llegar a acuerdos, siempre en favor de los guerrerenses, de tal forma que los pendientes que por m\u00e1s de un a\u00f1o permanecieron congelados en el Poder Legislativo, se est\u00e1n resolviendo de manera paulatina, no s\u00f3lo en lo que tiene que ver con el nombramiento de funcionarios de organismos aut\u00f3nomos, incluso del propio Congreso, sino tambi\u00e9n del \u00e1mbito legislativo, algunos de ellos ordenados por el m\u00e1ximo \u00f3rgano judicial del pa\u00eds, es decir, la Suprema Corte de la Naci\u00f3n.<\/p>\n<p style=\"text-align: justify;\">No por nada, y por ello no tienen empacho en decirlo, diputados de otros partidos pol\u00edticos representados en el Congreso, como el PRI y el PRD, reconocen el trabajo, la disposici\u00f3n y la voluntad pol\u00edtica de la coordinadora de la fracci\u00f3n parlamentaria de Morena, con quien, dicen, hay acuerdos en favor de una agenda com\u00fan legislativa, poniendo por encima de todo el bien superior de los guerrerenses por sobre los intereses de los partidos pol\u00edticos de los que provienen.<\/p>\n<p style=\"text-align: justify;\">Eso, de entrada, demuestra que la joven diputada puede con encargos mayores, como puede ser la alcald\u00eda de Acapulco, aunque como hemos dio, faltan a\u00fan algunos meses para que inicie el proceso electoral local por el que se elegir\u00e1n presidentes municipales y diputados locales, en la elecci\u00f3n de julio del a\u00f1o pr\u00f3ximo, que se empatar\u00e1 con la de presidente de la Rep\u00fablica, senadores y diputados federales.<\/p>\n<p style=\"text-align: justify;\">Claro. De aqu\u00ed a que inicie el proceso pueden pasar muchas cosas, pues la pol\u00edtica es as\u00ed, dir\u00eda un pr\u00f3cer. Sin embargo, por ahora quien est\u00e1 mejor posicionada es la actual presidente de la Junta de Coordinaci\u00f3n Pol\u00edtica del Congreso del estado, la diputada Yoloczin Dom\u00ednguez Serna.<\/p>\n<p style=\"text-align: justify;\">EN OTRO ASUNTO\u2026<br \/>\n\u00a1Todo era mentira lo del s\u00faper peso! \u00bfCu\u00e1ntas m\u00e1s, <em>pg<\/em>, cu\u00e1ntas m\u00e1s?<\/p>\n<p><em>) S\u00edguenos en Facebook.com\/<a href=\"https:\/\/www.facebook.com\/acapulcopress.news\" target=\"_blank\" rel=\"noopener\">acapulcopress.news<\/a><\/em><\/p>\n","protected":false},"excerpt":{"rendered":"<p>Ep\u00edstolas Surianas \u00bb JULIO | AYALA CARLOS epistolassurianas@hotmail.com ) Facebook @julio.ayalacarlos Aunque faltan algunos meses para que inicie el proceso electoral local, cuya elecci\u00f3n, junto con la federal, en la que se elegir\u00e1 al nuevo presidente de la Rep\u00fablica, ser\u00e1 en julio del a\u00f1o pr\u00f3ximo, es decir, en el 2024, es indiscutible que quien lleva&#8230;<\/p>\n","protected":false},"author":2,"featured_media":1251831,"comment_status":"closed","ping_status":"closed","sticky":false,"template":"","format":"standard","meta":{"footnotes":""},"categories":[1972,2071,1991],"tags":[2922,8008,11319,18260],"class_list":["post-1251829","post","type-post","status-publish","format-standard","has-post-thumbnail","hentry","category-special","category-opinion-analisis-columnas","category-libertad-de-expresion","tag-yolovers","tag-epistolas-surianas","tag-julio-ayala-carlos","tag-yoloczin-dominguez-serna"],"_links":{"self":[{"href":"https:\/\/www.acapulcopress.com\/index.php\/wp-json\/wp\/v2\/posts\/1251829","targetHints":{"allow":["GET"]}}],"collection":[{"href":"https:\/\/www.acapulcopress.com\/index.php\/wp-json\/wp\/v2\/posts"}],"about":[{"href":"https:\/\/www.acapulcopress.com\/index.php\/wp-json\/wp\/v2\/types\/post"}],"author":[{"embeddable":true,"href":"https:\/\/www.acapulcopress.com\/index.php\/wp-json\/wp\/v2\/users\/2"}],"replies":[{"embeddable":true,"href":"https:\/\/www.acapulcopress.com\/index.php\/wp-json\/wp\/v2\/comments?post=1251829"}],"version-history":[{"count":0,"href":"https:\/\/www.acapulcopress.com\/index.php\/wp-json\/wp\/v2\/posts\/1251829\/revisions"}],"wp:featuredmedia":[{"embeddable":true,"href":"https:\/\/www.acapulcopress.com\/index.php\/wp-json\/"}],"wp:attachment":[{"href":"https:\/\/www.acapulcopress.com\/index.php\/wp-json\/wp\/v2\/media?parent=1251829"}],"wp:term":[{"taxonomy":"category","embeddable":true,"href":"https:\/\/www.acapulcopress.com\/index.php\/wp-json\/wp\/v2\/categories?post=1251829"},{"taxonomy":"post_tag","embeddable":true,"href":"https:\/\/www.acapulcopress.com\/index.php\/wp-json\/wp\/v2\/tags?post=1251829"}],"curies":[{"name":"wp","href":"https:\/\/api.w.org\/{rel}","templated":true}]}}