{"id":1251853,"date":"2023-03-14T20:57:01","date_gmt":"2023-03-15T02:57:01","guid":{"rendered":"https:\/\/www.acapulcopress.com\/?p=1251853"},"modified":"2023-03-14T20:57:01","modified_gmt":"2023-03-15T02:57:01","slug":"mexico-duplicara-contratacion-de-medicos-cubanos","status":"publish","type":"post","link":"https:\/\/www.acapulcopress.com\/index.php\/2023\/03\/14\/mexico-duplicara-contratacion-de-medicos-cubanos\/","title":{"rendered":"M\u00e9xico duplicar\u00e1 contrataci\u00f3n de m\u00e9dicos cubanos"},"content":{"rendered":"<p style=\"text-align: justify;\">CIUDAD DE M&#8217;EXICO * 14 de marzo de 2023.<br \/>\n<em>) <a href=\"https:\/\/www.proceso.com.mx\/nacional\/2023\/3\/14\/mexico-duplicara-la-contratacion-de-medicos-cubanos-303618.html\" target=\"_blank\" rel=\"noopener\">Apro<\/a><br \/>\n<\/em>El <a href=\"https:\/\/www.facebook.com\/gobmexico\" target=\"_blank\" rel=\"noopener\">Gobierno de M\u00e9xico<\/a> anunci\u00f3 este martes 14 que contratar\u00e1 a otros 600 m\u00e9dicos cubanos, lo que representa casi el doble de los que tiene en la actualidad, como parte de un convenio que mantiene con Cuba desde el a\u00f1o pasado y que ha sido cuestionado por especialistas locales.<\/p>\n<p style=\"text-align: justify;\">El director del <a href=\"https:\/\/www.facebook.com\/IMSSBIENESTARmx\" target=\"_blank\" rel=\"noopener\">Instituto Mexicano del Seguro Social (IMSS)<\/a>,<a href=\"https:\/\/www.facebook.com\/RobledoZoe\" target=\"_blank\" rel=\"noopener\"> Zo\u00e9 Robledo<\/a>, dijo durante la conferencia presidencial matutina que los galenos cubanos se sumar\u00e1n a los 610 que comenzaron a llegar al pa\u00eds desde mediados del a\u00f1o pasado tras un acuerdo celebrado durante la visita que el presidente mexicano Andr\u00e9s Manuel L\u00f3pez Obrador realiz\u00f3 en mayo pasado a la isla.<\/p>\n<p style=\"text-align: justify;\">El anuncio se da casi un mes despu\u00e9s de la visita que hizo a M\u00e9xico el presidente cubano <a href=\"https:\/\/www.facebook.com\/MDiazCanelB\" target=\"_blank\" rel=\"noopener\">Miguel D\u00edaz-Canel<\/a>, en la que ambos gobiernos se comprometieron a fortalecer la cooperaci\u00f3n en materia de salud y comercio.<\/p>\n<p style=\"text-align: justify;\">La administraci\u00f3n de <a href=\"https:\/\/www.facebook.com\/lopezobrador.org.mx\" target=\"_blank\" rel=\"noopener\">L\u00f3pez Obrador<\/a> ha defendido la contrataci\u00f3n de m\u00e9dicos cubanos alegando que se est\u00e1n empleando para reforzar la atenci\u00f3n ante la falta de especialistas, en particular en las regiones m\u00e1s vulnerables del pa\u00eds.<\/p>\n<p style=\"text-align: justify;\">En M\u00e9xico hay 107 especialistas por cada 100 mil habitantes, cuando la recomendaci\u00f3n internacional es de 230, m\u00e1s del doble, sostiene el gobierno.<\/p>\n<p style=\"text-align: justify;\">Esa postura ha sido objetada por los m\u00e9dicos mexicanos que aseguran que el d\u00e9ficit se debe en parte a que muchos profesionales no quieren ir a algunas regiones de M\u00e9xico azotadas por la violencia donde el personal de salud suele morir en medio de balaceras, o es extorsionado o intimidado por grupos criminales.<\/p>\n<p style=\"text-align: justify;\">En 2020 M\u00e9xico recibi\u00f3 585 m\u00e9dicos cubanos para apoyar a las autoridades durante la crisis que se desat\u00f3 por la pandemia del coronavirus.<\/p>\n<p style=\"text-align: justify;\">El gobierno cubano ha enviado miles de m\u00e9dicos a diferentes pa\u00edses de Latinoam\u00e9rica, el Caribe, \u00c1frica y Europa como parte de su pol\u00edtica de cooperaci\u00f3n internacional.<\/p>\n<p style=\"text-align: justify;\"><em>) S\u00edguenos en nuestra p\u00e1gina facebook @<a href=\"https:\/\/www.facebook.com\/acapulcopress.news\" target=\"_blank\" rel=\"noopener\">acapulcopress.news<\/a><\/em><\/p>\n","protected":false},"excerpt":{"rendered":"<p>CIUDAD DE M&#8217;EXICO * 14 de marzo de 2023. ) Apro El Gobierno de M\u00e9xico anunci\u00f3 este martes 14 que contratar\u00e1 a otros 600 m\u00e9dicos cubanos, lo que representa casi el doble de los que tiene en la actualidad, como parte de un convenio que mantiene con Cuba desde el a\u00f1o pasado y que ha&#8230;<\/p>\n","protected":false},"author":2,"featured_media":1251854,"comment_status":"closed","ping_status":"closed","sticky":false,"template":"","format":"standard","meta":{"footnotes":""},"categories":[1969,1972,2020],"tags":[10297,12882,18326],"class_list":["post-1251853","post","type-post","status-publish","format-standard","has-post-thumbnail","hentry","category-trending","category-special","category-world-news","tag-instituto-mexicano-del-seguro-social-imss","tag-medicos-cubanos-en-mexico","tag-zoe-robledo"],"_links":{"self":[{"href":"https:\/\/www.acapulcopress.com\/index.php\/wp-json\/wp\/v2\/posts\/1251853","targetHints":{"allow":["GET"]}}],"collection":[{"href":"https:\/\/www.acapulcopress.com\/index.php\/wp-json\/wp\/v2\/posts"}],"about":[{"href":"https:\/\/www.acapulcopress.com\/index.php\/wp-json\/wp\/v2\/types\/post"}],"author":[{"embeddable":true,"href":"https:\/\/www.acapulcopress.com\/index.php\/wp-json\/wp\/v2\/users\/2"}],"replies":[{"embeddable":true,"href":"https:\/\/www.acapulcopress.com\/index.php\/wp-json\/wp\/v2\/comments?post=1251853"}],"version-history":[{"count":0,"href":"https:\/\/www.acapulcopress.com\/index.php\/wp-json\/wp\/v2\/posts\/1251853\/revisions"}],"wp:featuredmedia":[{"embeddable":true,"href":"https:\/\/www.acapulcopress.com\/index.php\/wp-json\/"}],"wp:attachment":[{"href":"https:\/\/www.acapulcopress.com\/index.php\/wp-json\/wp\/v2\/media?parent=1251853"}],"wp:term":[{"taxonomy":"category","embeddable":true,"href":"https:\/\/www.acapulcopress.com\/index.php\/wp-json\/wp\/v2\/categories?post=1251853"},{"taxonomy":"post_tag","embeddable":true,"href":"https:\/\/www.acapulcopress.com\/index.php\/wp-json\/wp\/v2\/tags?post=1251853"}],"curies":[{"name":"wp","href":"https:\/\/api.w.org\/{rel}","templated":true}]}}