{"id":1251858,"date":"2023-03-14T21:52:14","date_gmt":"2023-03-15T03:52:14","guid":{"rendered":"https:\/\/www.acapulcopress.com\/?p=1251858"},"modified":"2023-03-14T21:52:14","modified_gmt":"2023-03-15T03:52:14","slug":"nunca-mas-ningun-tipo-de-violencia-a-los-derechos-humanos-en-guerrero-evelyn-salgado","status":"publish","type":"post","link":"https:\/\/www.acapulcopress.com\/index.php\/2023\/03\/14\/nunca-mas-ningun-tipo-de-violencia-a-los-derechos-humanos-en-guerrero-evelyn-salgado\/","title":{"rendered":"Nunca m\u00e1s ning\u00fan tipo de violencia a los derechos humanos en Guerrero | Evelyn Salgado"},"content":{"rendered":"<p style=\"text-align: justify;\">CHILPANCINGO * 14 de marzo de 2023.<br \/>\n<em>) Gobierno de Guerrero<\/em><br \/>\n<img loading=\"lazy\" decoding=\"async\" class=\"alignleft size-medium wp-image-1251864\" src=\"https:\/\/www.acapulcopress.com\/wp-content\/uploads\/2023\/03\/esp.cedh6_-375x305.jpg\" alt=\"\" width=\"375\" height=\"305\" \/>Con una inversi\u00f3n de 1.6 millones de pesos, la gobernadora <a href=\"https:\/\/www.facebook.com\/EvelynSalgadoP\" target=\"_blank\" rel=\"noopener\">Evelyn Salgado Pineda<\/a> entreg\u00f3 veh\u00edculos y equipos de c\u00f3mputo a la <a href=\"https:\/\/www.facebook.com\/Derechos-Humanos-Guerrero-1312393048776764\" target=\"_blank\" rel=\"noopener\">Comisi\u00f3n de Derechos Humanos del estado de Guerrero<\/a> (CDHEG) a fin de fortalecer las causas de esta instituci\u00f3n aut\u00f3noma para proteger y garantizar los derechos humanos de la poblaci\u00f3n.<\/p>\n<p style=\"text-align: justify;\">En su mensaje ante personal de la comisi\u00f3n, la mandataria estatal sostuvo que en Guerrero se respetan los derechos humanos y nunca m\u00e1s se va a permitir la persecuci\u00f3n pol\u00edtica, social y de ning\u00fan tipo, as\u00ed como la represi\u00f3n ni la violaci\u00f3n de los derechos de las personas.<\/p>\n<p style=\"text-align: justify;\">Evelyn Salgado puntualiz\u00f3 que, como fue su compromiso desde que inici\u00f3 su gobierno, el respeto irrestricto a los derechos fundamentales es una de las causas m\u00e1s importantes de su gobierno por lo que afirm\u00f3 que con la entrega de veh\u00edculos y equipos de c\u00f3mputo se <img loading=\"lazy\" decoding=\"async\" class=\"alignleft size-medium wp-image-1251866\" src=\"https:\/\/www.acapulcopress.com\/wp-content\/uploads\/2023\/03\/esp.cedh8_-375x250.jpg\" alt=\"\" width=\"375\" height=\"250\" \/>fortalece la Comisi\u00f3n de los Derechos Humanos en Guerrero.<\/p>\n<p style=\"text-align: justify;\">\u00abLa transformaci\u00f3n est\u00e1 acompa\u00f1ada de una agenda progresista que defiende y promueve las libertades y los derechos de todas y de todos, esa es la cuarta transformaci\u00f3n, que no tiene colores y que m\u00e1s all\u00e1 de los partidos pol\u00edticos se trata de romper con los estereotipos y paradigmas para avanzar en sociedad\u00bb, afirm\u00f3.<\/p>\n<p style=\"text-align: justify;\">Evelyn Salgado destac\u00f3 la coordinaci\u00f3n efectiva de las dependencias del estado con la Comisi\u00f3n de Derechos Humanos para garantizar la paz de Guerrero a trav\u00e9s del di\u00e1logo, trabajando sin descansar con el objetivo de que bienestar, la justicia y los derechos sean para todas y todos los guerrerenses.<\/p>\n<p style=\"text-align: justify;\"><img loading=\"lazy\" decoding=\"async\" class=\"alignleft size-medium wp-image-1251867\" src=\"https:\/\/www.acapulcopress.com\/wp-content\/uploads\/2023\/03\/esp.cedh9_-375x250.jpg\" alt=\"\" width=\"375\" height=\"250\" \/>La gobernadora y la presidenta de la Comisi\u00f3n de Derechos Humanos en Guerrero,<a href=\"https:\/\/www.facebook.com\/CeciliaNarcisoG\" target=\"_blank\" rel=\"noopener\"> Cecilia Narciso Gayt\u00e1n<\/a>, realiz\u00f3 la entrega de equipo de c\u00f3mputo y unidades vehiculares destinadas a la representaci\u00f3n de la CDHEG en la zona Norte, Acapulco y Centro, adem\u00e1s de entregar reconocimientos y est\u00edmulos al personal con m\u00e1s de 10, 25 y 30 a\u00f1os de servicio.<\/p>\n<p style=\"text-align: justify;\">Narciso Gayt\u00e1n, reconoci\u00f3 a la gobernadora Evelyn Salgado Pineda como una aliada para proteger y garantizar los derechos humanos de las y los guerrerenses compartiendo objetivos y causas comunes trabajando coordinadamente en bien de los derechos de la poblaci\u00f3n.<\/p>\n<p style=\"text-align: justify;\">Destac\u00f3 que con esta inversi\u00f3n de 1.6 millones de pesos en equipo de c\u00f3mputo y veh\u00edculos <img loading=\"lazy\" decoding=\"async\" class=\"alignleft size-medium wp-image-1251864\" src=\"https:\/\/www.acapulcopress.com\/wp-content\/uploads\/2023\/03\/esp.cedh6_-375x305.jpg\" alt=\"\" width=\"375\" height=\"305\" \/>se dignifican los trabajos que desempe\u00f1a esta instituci\u00f3n, y se suman a las mejoras en la infraestructura al inmueble y su acondicionamiento para ofrecer una mejor atenci\u00f3n a la poblaci\u00f3n.<\/p>\n<p style=\"text-align: justify;\">\u00abNos unen objetivos en com\u00fan, la causa de los derechos humanos. Soy testiga que usted como titular del Poder Ejecutivo durante su mandato ha trabajado por la noble labor de proteger, respetar y garantizar los derechos humanos, sin duda es una gran aliada. La Comisi\u00f3n de los Derechos Humanos ha encontrado una aliada respaldando el compromiso en todo momento por el respeto a los derechos humanos\u00bb, expres\u00f3 Cecilia Narciso Gayt\u00e1n.<\/p>\n<p style=\"text-align: justify;\">Asistieron la Presidenta de la Mesa Directiva del Congreso del Estado, <a href=\"https:\/\/www.facebook.com\/profile.php?id=100076222897427\" target=\"_blank\" rel=\"noopener\">Yanelly Hern\u00e1ndez Mart\u00ednez<\/a>; la diputada <a href=\"https:\/\/www.facebook.com\/YoloczinDominguez\" target=\"_blank\" rel=\"noopener\">Yoloczin Dom\u00ednguez Serna<\/a>; el Presidente del Tribunal Superior de Justicia, Raymundo Casarrubias V\u00e1zquez; el secretario general de Gobierno, Ludwig Marcial Reynoso; el secretario de Administraci\u00f3n y Finanzas, Raymundo Segura Estrada,\u00a0entre\u00a0otros.<\/p>\n<p style=\"text-align: justify;\"><em>) S\u00edguenos en nuestra p\u00e1gina facebook @<a href=\"https:\/\/www.facebook.com\/acapulcopress.news\" target=\"_blank\" rel=\"noopener\">acapulcopress.news<\/a><\/em><\/p>\n","protected":false},"excerpt":{"rendered":"<p>CHILPANCINGO * 14 de marzo de 2023. ) Gobierno de Guerrero Con una inversi\u00f3n de 1.6 millones de pesos, la gobernadora Evelyn Salgado Pineda entreg\u00f3 veh\u00edculos y equipos de c\u00f3mputo a la Comisi\u00f3n de Derechos Humanos del estado de Guerrero (CDHEG) a fin de fortalecer las causas de esta instituci\u00f3n aut\u00f3noma para proteger y garantizar&#8230;<\/p>\n","protected":false},"author":2,"featured_media":1251865,"comment_status":"closed","ping_status":"closed","sticky":false,"template":"","format":"standard","meta":{"footnotes":""},"categories":[1972,1983],"tags":[3077,5424,6090,6095,6370,8251,9132,18212,18260],"class_list":["post-1251858","post","type-post","status-publish","format-standard","has-post-thumbnail","hentry","category-special","category-guerrerogob","tag-abelina-lopez-rodriguez","tag-cecilia-narciso-gaytan","tag-comision-de-derechos-humanos-congreso-guerrero","tag-comision-de-derechos-humanos-en-guerrero","tag-congreso-de-guerrero","tag-evelyn-salgado-pineda","tag-genaro-vazquez-flores","tag-yanelly-hernandez-martinez","tag-yoloczin-dominguez-serna"],"_links":{"self":[{"href":"https:\/\/www.acapulcopress.com\/index.php\/wp-json\/wp\/v2\/posts\/1251858","targetHints":{"allow":["GET"]}}],"collection":[{"href":"https:\/\/www.acapulcopress.com\/index.php\/wp-json\/wp\/v2\/posts"}],"about":[{"href":"https:\/\/www.acapulcopress.com\/index.php\/wp-json\/wp\/v2\/types\/post"}],"author":[{"embeddable":true,"href":"https:\/\/www.acapulcopress.com\/index.php\/wp-json\/wp\/v2\/users\/2"}],"replies":[{"embeddable":true,"href":"https:\/\/www.acapulcopress.com\/index.php\/wp-json\/wp\/v2\/comments?post=1251858"}],"version-history":[{"count":0,"href":"https:\/\/www.acapulcopress.com\/index.php\/wp-json\/wp\/v2\/posts\/1251858\/revisions"}],"wp:featuredmedia":[{"embeddable":true,"href":"https:\/\/www.acapulcopress.com\/index.php\/wp-json\/"}],"wp:attachment":[{"href":"https:\/\/www.acapulcopress.com\/index.php\/wp-json\/wp\/v2\/media?parent=1251858"}],"wp:term":[{"taxonomy":"category","embeddable":true,"href":"https:\/\/www.acapulcopress.com\/index.php\/wp-json\/wp\/v2\/categories?post=1251858"},{"taxonomy":"post_tag","embeddable":true,"href":"https:\/\/www.acapulcopress.com\/index.php\/wp-json\/wp\/v2\/tags?post=1251858"}],"curies":[{"name":"wp","href":"https:\/\/api.w.org\/{rel}","templated":true}]}}