{"id":1251883,"date":"2023-03-15T18:11:33","date_gmt":"2023-03-16T00:11:33","guid":{"rendered":"https:\/\/www.acapulcopress.com\/?p=1251883"},"modified":"2023-03-15T18:11:33","modified_gmt":"2023-03-16T00:11:33","slug":"participo-guerrero-en-reunion-nacional-de-proteccion-civil-2023","status":"publish","type":"post","link":"https:\/\/www.acapulcopress.com\/index.php\/2023\/03\/15\/participo-guerrero-en-reunion-nacional-de-proteccion-civil-2023\/","title":{"rendered":"Particip\u00f3 Guerrero en Reuni\u00f3n Nacional de Protecci\u00f3n Civil 2023"},"content":{"rendered":"<p style=\"text-align: justify;\">MONTERREY * 15 de marzo de 2023.<br \/>\n<em>) Gobierno de Guerrero<\/em><br \/>\nEl gobierno del estado de Guerrero a trav\u00e9s de la <a href=\"https:\/\/www.facebook.com\/SGIRPCGro\" target=\"_blank\" rel=\"noopener\">Secretar\u00eda de Gesti\u00f3n Integral de Riesgos y Protecci\u00f3n Civil<\/a>, particip\u00f3 en la Reuni\u00f3n Nacional de Protecci\u00f3n Civil para el inicio de la Temporada de Incendios Forestales 2023, con el objetivo de fortalecer la coordinaci\u00f3n de acciones entre las dependencias federales y los estados para el combate y monitoreo de los siniestros los cuales, el 97 por ciento de los casos tiene su origen en actividades humanas.<\/p>\n<p style=\"text-align: justify;\">En la reuni\u00f3n que congrega a las y los responsables en materia de protecci\u00f3n civil de todo el pa\u00eds se desarrolla en la ciudad de Monterrey, Nuevo Le\u00f3n, se realizan los trabajos encaminados a promover mecanismos que permitan prevenir y atender la eventualidad del riesgo o peligro que representan los fen\u00f3menos naturales perturbadores, espec\u00edficamente a los referentes a los incendios forestales.<\/p>\n<p style=\"text-align: justify;\">El evento fue inaugurado por la Coordinadora Nacional de Protecci\u00f3n Civil, <a href=\"https:\/\/www.facebook.com\/LauAlzua\" target=\"_blank\" rel=\"noopener\">Laura Vel\u00e1zquez Alzua<\/a>, quien present\u00f3 las acciones de prevenci\u00f3n y preparaci\u00f3n del Sistema Nacional de Protecci\u00f3n Civil enfocado al combate a los Incendios Forestales para esta temporada 2023.<\/p>\n<p style=\"text-align: justify;\">Este evento tiene el objetivo de promover una mayor atenci\u00f3n y colaboraci\u00f3n entre todas las instituciones de gobierno y poblaci\u00f3n para que todas aquellas actividades donde se haga uso del fuego dentro o en \u00e1rea colindantes de las zonas Forestales se lleven a cabo con los cuidados necesarios para que de esta manera se pueda reducir de manera significativa la ocurrencia de incendios.<\/p>\n<p style=\"text-align: justify;\">Al evento, con la representaci\u00f3n de la gobernadora <a href=\"https:\/\/www.facebook.com\/EvelynSalgadoP\" target=\"_blank\" rel=\"noopener\">Evelyn Salgado Pineda<\/a> y del titular de la Secretar\u00eda de Gesti\u00f3n Integral de Riesgos y Protecci\u00f3n Civil, Roberto Arroyo Matus, asisti\u00f3 el subsecretario de Prevenci\u00f3n y Reducci\u00f3n de Riesgos, Ricardo\u00a0Ram\u00edrez\u00a0Ibarra.<\/p>\n<p><img loading=\"lazy\" decoding=\"async\" class=\"alignnone wp-image-1251884 size-large\" src=\"https:\/\/www.acapulcopress.com\/wp-content\/uploads\/2023\/03\/proteccion-civil-gro-840x339.jpg\" alt=\"\" width=\"696\" height=\"281\" \/><\/p>\n<p style=\"text-align: justify;\"><em>) S\u00edguenos en nuestra p\u00e1gina Facebook @<a href=\"https:\/\/www.facebook.com\/acapulcopress.news\" target=\"_blank\" rel=\"noopener\">acapulcopress.news<\/a><\/em><\/p>\n","protected":false},"excerpt":{"rendered":"<p>MONTERREY * 15 de marzo de 2023. ) Gobierno de Guerrero El gobierno del estado de Guerrero a trav\u00e9s de la Secretar\u00eda de Gesti\u00f3n Integral de Riesgos y Protecci\u00f3n Civil, particip\u00f3 en la Reuni\u00f3n Nacional de Protecci\u00f3n Civil para el inicio de la Temporada de Incendios Forestales 2023, con el objetivo de fortalecer la coordinaci\u00f3n&#8230;<\/p>\n","protected":false},"author":2,"featured_media":1251885,"comment_status":"closed","ping_status":"closed","sticky":false,"template":"","format":"standard","meta":{"footnotes":""},"categories":[2036,1972,18561],"tags":[6570,11711,16195],"class_list":["post-1251883","post","type-post","status-publish","format-standard","has-post-thumbnail","hentry","category-el-clima","category-special","category-society-politics","tag-coordinacion-nacional-de-proteccion-civil","tag-laura-velazquez-alzua","tag-secretaria-de-gestion-integral-de-riesgos-y-proteccion-civil-guerrero"],"_links":{"self":[{"href":"https:\/\/www.acapulcopress.com\/index.php\/wp-json\/wp\/v2\/posts\/1251883","targetHints":{"allow":["GET"]}}],"collection":[{"href":"https:\/\/www.acapulcopress.com\/index.php\/wp-json\/wp\/v2\/posts"}],"about":[{"href":"https:\/\/www.acapulcopress.com\/index.php\/wp-json\/wp\/v2\/types\/post"}],"author":[{"embeddable":true,"href":"https:\/\/www.acapulcopress.com\/index.php\/wp-json\/wp\/v2\/users\/2"}],"replies":[{"embeddable":true,"href":"https:\/\/www.acapulcopress.com\/index.php\/wp-json\/wp\/v2\/comments?post=1251883"}],"version-history":[{"count":0,"href":"https:\/\/www.acapulcopress.com\/index.php\/wp-json\/wp\/v2\/posts\/1251883\/revisions"}],"wp:featuredmedia":[{"embeddable":true,"href":"https:\/\/www.acapulcopress.com\/index.php\/wp-json\/"}],"wp:attachment":[{"href":"https:\/\/www.acapulcopress.com\/index.php\/wp-json\/wp\/v2\/media?parent=1251883"}],"wp:term":[{"taxonomy":"category","embeddable":true,"href":"https:\/\/www.acapulcopress.com\/index.php\/wp-json\/wp\/v2\/categories?post=1251883"},{"taxonomy":"post_tag","embeddable":true,"href":"https:\/\/www.acapulcopress.com\/index.php\/wp-json\/wp\/v2\/tags?post=1251883"}],"curies":[{"name":"wp","href":"https:\/\/api.w.org\/{rel}","templated":true}]}}