{"id":1251887,"date":"2023-03-15T18:32:29","date_gmt":"2023-03-16T00:32:29","guid":{"rendered":"https:\/\/www.acapulcopress.com\/?p=1251887"},"modified":"2023-03-15T18:32:29","modified_gmt":"2023-03-16T00:32:29","slug":"se-han-activado-201-alertas-y-reportado-218-desapariciones-via-protocolovioleta","status":"publish","type":"post","link":"https:\/\/www.acapulcopress.com\/index.php\/2023\/03\/15\/se-han-activado-201-alertas-y-reportado-218-desapariciones-via-protocolovioleta\/","title":{"rendered":"Se han activado 201 alertas y reportado 218 desapariciones v\u00eda #ProtocoloVioleta"},"content":{"rendered":"<p style=\"text-align: justify;\">CHILPANCINGO * 15 de marzo de 2023.<br \/>\n) <em>Coordinaci\u00f3n para la Construcci\u00f3n de la Paz<\/em><br \/>\nLa gobernadora <a href=\"https:\/\/www.facebook.com\/EvelynSalgadoP\" target=\"_blank\" rel=\"noopener\">Evelyn Salgado Pineda<\/a> e integrantes de la <em>Mesa de Coordinaci\u00f3n para la Construcci\u00f3n de la Paz<\/em> dieron seguimiento a las acciones para contener y reducir los actos delictivos en zonas de mayor incidencia delictiva en el estado, adem\u00e1s de evaluar los resultados de los operativos conjuntos desplegados en la Acapulco, Costa Grande y Tierra Caliente.<\/p>\n<p style=\"text-align: justify;\">En la sesi\u00f3n virtual se inform\u00f3 del aseguramiento de 53 motocicletas en Tecpan de Galeana, Iguala y Acapulco, as\u00ed como un veh\u00edculo en Coyuca de Ben\u00edtez, adem\u00e1s del decomiso de tres armas largas, ocho cargadores y 265 cartuchos de diversos calibres, adem\u00e1s de uniformes tipo militar, chalecos y cascos bal\u00edstico, entre otros objetos.<\/p>\n<p style=\"text-align: justify;\">En la reuni\u00f3n de seguridad se detall\u00f3 que a partir de la implementaci\u00f3n del \u00ab<a href=\"https:\/\/play.google.com\/store\/apps\/details?id=mx.zintech.osoapp\" target=\"_blank\" rel=\"noopener\">Protocolo Violeta<\/a>\u00bb el 18 de julio del 2022 se han activado 201 alertas, reportando 218 personas desaparecidas de las cuales se han logrado localizar 203 mujeres y pendientes por localizar a 15, los cuales est\u00e1n siendo atendidos por la <a href=\"https:\/\/www.facebook.com\/sspguerrero\" target=\"_blank\" rel=\"noopener\">Secretar\u00eda de Seguridad P\u00fablica<\/a> y la <a href=\"https:\/\/www.facebook.com\/fiscaliaguerrero\" target=\"_blank\" rel=\"noopener\">Fiscal\u00eda General del Estado<\/a>.<\/p>\n<p style=\"text-align: justify;\">Con estas acciones, las instituciones que integran la <em>Mesa de para la Construcci\u00f3n de la Paz<\/em> refrendan su compromiso de trabajar en estrecha coordinaci\u00f3n para mejorar la calidad de vida y la seguridad de las y los guerrerenses como un tema de prioridad para la gobernadora Evelyn\u00a0Salgado\u00a0Pineda.<\/p>\n<p style=\"text-align: justify;\"><em>) S\u00edguenos en nuestra p\u00e1gina Facebook @<a href=\"https:\/\/www.facebook.com\/acapulcopress.news\" target=\"_blank\" rel=\"noopener\">acapulcopress.news<\/a><\/em><\/p>\n","protected":false},"excerpt":{"rendered":"<p>CHILPANCINGO * 15 de marzo de 2023. ) Coordinaci\u00f3n para la Construcci\u00f3n de la Paz La gobernadora Evelyn Salgado Pineda e integrantes de la Mesa de Coordinaci\u00f3n para la Construcci\u00f3n de la Paz dieron seguimiento a las acciones para contener y reducir los actos delictivos en zonas de mayor incidencia delictiva en el estado, adem\u00e1s&#8230;<\/p>\n","protected":false},"author":2,"featured_media":1251888,"comment_status":"closed","ping_status":"closed","sticky":false,"template":"","format":"standard","meta":{"footnotes":""},"categories":[18561,2082],"tags":[2837,8251,12964],"class_list":["post-1251887","post","type-post","status-publish","format-standard","has-post-thumbnail","hentry","category-society-politics","category-seguridad-publica","tag-protocolovioleta","tag-evelyn-salgado-pineda","tag-mesa-de-coordinacion-para-la-construccion-de-la-paz"],"_links":{"self":[{"href":"https:\/\/www.acapulcopress.com\/index.php\/wp-json\/wp\/v2\/posts\/1251887","targetHints":{"allow":["GET"]}}],"collection":[{"href":"https:\/\/www.acapulcopress.com\/index.php\/wp-json\/wp\/v2\/posts"}],"about":[{"href":"https:\/\/www.acapulcopress.com\/index.php\/wp-json\/wp\/v2\/types\/post"}],"author":[{"embeddable":true,"href":"https:\/\/www.acapulcopress.com\/index.php\/wp-json\/wp\/v2\/users\/2"}],"replies":[{"embeddable":true,"href":"https:\/\/www.acapulcopress.com\/index.php\/wp-json\/wp\/v2\/comments?post=1251887"}],"version-history":[{"count":0,"href":"https:\/\/www.acapulcopress.com\/index.php\/wp-json\/wp\/v2\/posts\/1251887\/revisions"}],"wp:featuredmedia":[{"embeddable":true,"href":"https:\/\/www.acapulcopress.com\/index.php\/wp-json\/"}],"wp:attachment":[{"href":"https:\/\/www.acapulcopress.com\/index.php\/wp-json\/wp\/v2\/media?parent=1251887"}],"wp:term":[{"taxonomy":"category","embeddable":true,"href":"https:\/\/www.acapulcopress.com\/index.php\/wp-json\/wp\/v2\/categories?post=1251887"},{"taxonomy":"post_tag","embeddable":true,"href":"https:\/\/www.acapulcopress.com\/index.php\/wp-json\/wp\/v2\/tags?post=1251887"}],"curies":[{"name":"wp","href":"https:\/\/api.w.org\/{rel}","templated":true}]}}