{"id":1251890,"date":"2023-03-15T19:43:02","date_gmt":"2023-03-16T01:43:02","guid":{"rendered":"https:\/\/www.acapulcopress.com\/?p=1251890"},"modified":"2023-03-15T19:43:02","modified_gmt":"2023-03-16T01:43:02","slug":"inaugura-titular-de-seg-la-olimpiada-infantil-del-conocimiento-de-la-zona-escolar-05","status":"publish","type":"post","link":"https:\/\/www.acapulcopress.com\/index.php\/2023\/03\/15\/inaugura-titular-de-seg-la-olimpiada-infantil-del-conocimiento-de-la-zona-escolar-05\/","title":{"rendered":"Inaugura titular de SEG la \u00abOlimpiada Infantil del Conocimiento\u00bb de la Zona Escolar 05"},"content":{"rendered":"<p style=\"text-align: justify;\">MOCHITL\u00c1N * 15 de marzo de 2023.<br \/>\n) SEG<br \/>\n<img loading=\"lazy\" decoding=\"async\" class=\"alignleft size-medium wp-image-1251895\" src=\"https:\/\/www.acapulcopress.com\/wp-content\/uploads\/2023\/03\/seg.infantil-2-375x144.jpg\" alt=\"\" width=\"375\" height=\"144\" \/>El secretario de Educaci\u00f3n en Guerrero, <a href=\"https:\/\/www.facebook.com\/MarcialRodriguezS\" target=\"_blank\" rel=\"noopener\">Marcial Rodr\u00edguez Salda\u00f1a<\/a>, presidi\u00f3 la apertura de la <em>Olimpiada Infantil del Conocimiento<\/em> que se realiz\u00f3 en la Escuela Primaria \u00abJusto Sierra\u00bb de la comunidad de Mochitl\u00e1n, en la cual participan ni\u00f1as y ni\u00f1os representantes de trece escuelas de este nivel educativo de la Zona Escolar 05 de la Regi\u00f3n Centro del Estado.<\/p>\n<p style=\"text-align: justify;\">Rodr\u00edguez Salda\u00f1a les transmiti\u00f3 la felicitaci\u00f3n de la gobernadora <a href=\"https:\/\/www.facebook.com\/EvelynSalgadoP\" target=\"_blank\" rel=\"noopener\">Evelyn Salgado Pineda<\/a> a quienes participan en este evento, as\u00ed como a los maestros, y los convoc\u00f3 a fortalecer el nivel educativo de los estudiantes.<\/p>\n<p style=\"text-align: justify;\"><img loading=\"lazy\" decoding=\"async\" class=\"alignleft size-medium wp-image-1251896\" src=\"https:\/\/www.acapulcopress.com\/wp-content\/uploads\/2023\/03\/seg.infantil-3-375x250.jpg\" alt=\"\" width=\"375\" height=\"250\" \/>El responsable de la educaci\u00f3n en la entidad entreg\u00f3 a los directores material desinfectante, de aseo, de oficina, c\u00edvico y deportivo.<\/p>\n<p style=\"text-align: justify;\">Asistieron al evento el presidente municipal de Mochitl\u00e1n, <a href=\"https:\/\/www.facebook.com\/GerardoMossoLopez2124\" target=\"_blank\" rel=\"noopener\">Gerardo Mosso L\u00f3pez<\/a>; el director de la escuela, Victor Manuel Don Juan Pantale\u00f3n; el jefe de Sector 021, Etelberto Palma Neri; el supervisor de la zona escolar 05, Jer\u00f3nimo Al\u00eda Cuenca; la supervisora de la Zona Escolar 026, Lizeth Estrada Aureoles, y el comisario municipal, Gerardo Aparicio Ramos.<\/p>\n<p style=\"text-align: justify;\"><em>) S\u00edguenos en nuestra p\u00e1gina Facebook @<a href=\"https:\/\/www.facebook.com\/acapulcopress.news\" target=\"_blank\" rel=\"noopener\">acapulcopress.news<\/a><\/em><\/p>\n","protected":false},"excerpt":{"rendered":"<p>MOCHITL\u00c1N * 15 de marzo de 2023. ) SEG El secretario de Educaci\u00f3n en Guerrero, Marcial Rodr\u00edguez Salda\u00f1a, presidi\u00f3 la apertura de la Olimpiada Infantil del Conocimiento que se realiz\u00f3 en la Escuela Primaria \u00abJusto Sierra\u00bb de la comunidad de Mochitl\u00e1n, en la cual participan ni\u00f1as y ni\u00f1os representantes de trece escuelas de este nivel&#8230;<\/p>\n","protected":false},"author":2,"featured_media":1251898,"comment_status":"closed","ping_status":"closed","sticky":false,"template":"","format":"standard","meta":{"footnotes":""},"categories":[18561,2081],"tags":[12458,16362],"class_list":["post-1251890","post","type-post","status-publish","format-standard","has-post-thumbnail","hentry","category-society-politics","category-seg","tag-marcial-rodriguez-salfana","tag-seg"],"_links":{"self":[{"href":"https:\/\/www.acapulcopress.com\/index.php\/wp-json\/wp\/v2\/posts\/1251890","targetHints":{"allow":["GET"]}}],"collection":[{"href":"https:\/\/www.acapulcopress.com\/index.php\/wp-json\/wp\/v2\/posts"}],"about":[{"href":"https:\/\/www.acapulcopress.com\/index.php\/wp-json\/wp\/v2\/types\/post"}],"author":[{"embeddable":true,"href":"https:\/\/www.acapulcopress.com\/index.php\/wp-json\/wp\/v2\/users\/2"}],"replies":[{"embeddable":true,"href":"https:\/\/www.acapulcopress.com\/index.php\/wp-json\/wp\/v2\/comments?post=1251890"}],"version-history":[{"count":0,"href":"https:\/\/www.acapulcopress.com\/index.php\/wp-json\/wp\/v2\/posts\/1251890\/revisions"}],"wp:featuredmedia":[{"embeddable":true,"href":"https:\/\/www.acapulcopress.com\/index.php\/wp-json\/"}],"wp:attachment":[{"href":"https:\/\/www.acapulcopress.com\/index.php\/wp-json\/wp\/v2\/media?parent=1251890"}],"wp:term":[{"taxonomy":"category","embeddable":true,"href":"https:\/\/www.acapulcopress.com\/index.php\/wp-json\/wp\/v2\/categories?post=1251890"},{"taxonomy":"post_tag","embeddable":true,"href":"https:\/\/www.acapulcopress.com\/index.php\/wp-json\/wp\/v2\/tags?post=1251890"}],"curies":[{"name":"wp","href":"https:\/\/api.w.org\/{rel}","templated":true}]}}