{"id":1251901,"date":"2023-03-15T09:52:00","date_gmt":"2023-03-15T15:52:00","guid":{"rendered":"https:\/\/www.acapulcopress.com\/?p=1251901"},"modified":"2023-03-15T09:52:00","modified_gmt":"2023-03-15T15:52:00","slug":"convivio-titular-de-la-seg-con-ninos-de-la-escuela-primer-congreso-de-anahuac","status":"publish","type":"post","link":"https:\/\/www.acapulcopress.com\/index.php\/2023\/03\/15\/convivio-titular-de-la-seg-con-ninos-de-la-escuela-primer-congreso-de-anahuac\/","title":{"rendered":"Convivi\u00f3 titular de la SEG con ni\u00f1os de la escuela \u00abPrimer Congreso de An\u00e1huac\u00bb"},"content":{"rendered":"<p style=\"text-align: justify;\">MOCHITL\u00c1N * 15 de marzo de 2023.<br \/>\n) SEG<br \/>\nEl secretario de Educaci\u00f3n en Guerrero, <a href=\"https:\/\/www.facebook.com\/MarcialRodriguezS\" target=\"_blank\" rel=\"noopener\">Marcial Rodr\u00edguez Salda\u00f1a<\/a>, visit\u00f3 a las ni\u00f1as y ni\u00f1os de la escuela de nivel preescolar \u00abPrimer Congreso de An\u00e1huac\u00bb con quienes particip\u00f3 en sus actividades educativas y recreativas, visit\u00f3 sus huertos de plantas y realiz\u00f3 dentro del aula una sesi\u00f3n de ense\u00f1anza y aprendizaje.<\/p>\n<p style=\"text-align: justify;\">Rodr\u00edguez Salda\u00f1a les transmiti\u00f3 el saludo de la gobernadora <a href=\"https:\/\/www.facebook.com\/EvelynSalgadoP\" target=\"_blank\" rel=\"noopener\">Evelyn Salgado Pineda<\/a> y convivi\u00f3 con las ni\u00f1as y ni\u00f1os, a quienes les expreso que su educaci\u00f3n con principios y valores es la principal responsabilidad de docentes y servidores p\u00fablicos.<\/p>\n<p style=\"text-align: justify;\">El titular de la <a href=\"https:\/\/www.facebook.com\/EducacionGuerrero\" target=\"_blank\" rel=\"noopener\">SEG<\/a> entreg\u00f3 a la directora de esa instituci\u00f3n, Natividad Arely Valenzo, material desinfectante, aseo, de oficina, c\u00edvico y deportivo.<\/p>\n<div style=\"width: 640px;\" class=\"wp-video\"><video class=\"wp-video-shortcode\" id=\"video-1251901-1\" width=\"640\" height=\"352\" preload=\"metadata\" controls=\"controls\"><source type=\"video\/mp4\" src=\"https:\/\/www.acapulcopress.com\/wp-content\/uploads\/2023\/03\/mrs.jardin3.mp4?_=1\" \/><a href=\"https:\/\/www.acapulcopress.com\/wp-content\/uploads\/2023\/03\/mrs.jardin3.mp4\">https:\/\/www.acapulcopress.com\/wp-content\/uploads\/2023\/03\/mrs.jardin3.mp4<\/a><\/video><\/div>\n<div style=\"width: 640px;\" class=\"wp-video\"><video class=\"wp-video-shortcode\" id=\"video-1251901-2\" width=\"640\" height=\"352\" preload=\"metadata\" controls=\"controls\"><source type=\"video\/mp4\" src=\"https:\/\/www.acapulcopress.com\/wp-content\/uploads\/2023\/03\/mrs.jardin2.mp4?_=2\" \/><a href=\"https:\/\/www.acapulcopress.com\/wp-content\/uploads\/2023\/03\/mrs.jardin2.mp4\">https:\/\/www.acapulcopress.com\/wp-content\/uploads\/2023\/03\/mrs.jardin2.mp4<\/a><\/video><\/div>\n<div style=\"width: 640px;\" class=\"wp-video\"><video class=\"wp-video-shortcode\" id=\"video-1251901-3\" width=\"640\" height=\"352\" preload=\"metadata\" controls=\"controls\"><source type=\"video\/mp4\" src=\"https:\/\/www.acapulcopress.com\/wp-content\/uploads\/2023\/03\/mrs.jardin.mp4?_=3\" \/><a href=\"https:\/\/www.acapulcopress.com\/wp-content\/uploads\/2023\/03\/mrs.jardin.mp4\">https:\/\/www.acapulcopress.com\/wp-content\/uploads\/2023\/03\/mrs.jardin.mp4<\/a><\/video><\/div>\n<p style=\"text-align: justify;\">\n<p><em>) S\u00edguenos en nuestra p\u00e1gina Facebook @<a href=\"https:\/\/www.facebook.com\/acapulcopress.news\" target=\"_blank\" rel=\"noopener\">acapulcopress.news<\/a><\/em><\/p>\n","protected":false},"excerpt":{"rendered":"<p>MOCHITL\u00c1N * 15 de marzo de 2023. ) SEG El secretario de Educaci\u00f3n en Guerrero, Marcial Rodr\u00edguez Salda\u00f1a, visit\u00f3 a las ni\u00f1as y ni\u00f1os de la escuela de nivel preescolar \u00abPrimer Congreso de An\u00e1huac\u00bb con quienes particip\u00f3 en sus actividades educativas y recreativas, visit\u00f3 sus huertos de plantas y realiz\u00f3 dentro del aula una sesi\u00f3n&#8230;<\/p>\n","protected":false},"author":2,"featured_media":1251891,"comment_status":"closed","ping_status":"closed","sticky":false,"template":"","format":"standard","meta":{"footnotes":""},"categories":[18561,2081],"tags":[8251,12457,13565,16362],"class_list":["post-1251901","post","type-post","status-publish","format-standard","has-post-thumbnail","hentry","category-society-politics","category-seg","tag-evelyn-salgado-pineda","tag-marcial-rodriguez-saldana","tag-natividad-arely-valenzo","tag-seg"],"_links":{"self":[{"href":"https:\/\/www.acapulcopress.com\/index.php\/wp-json\/wp\/v2\/posts\/1251901","targetHints":{"allow":["GET"]}}],"collection":[{"href":"https:\/\/www.acapulcopress.com\/index.php\/wp-json\/wp\/v2\/posts"}],"about":[{"href":"https:\/\/www.acapulcopress.com\/index.php\/wp-json\/wp\/v2\/types\/post"}],"author":[{"embeddable":true,"href":"https:\/\/www.acapulcopress.com\/index.php\/wp-json\/wp\/v2\/users\/2"}],"replies":[{"embeddable":true,"href":"https:\/\/www.acapulcopress.com\/index.php\/wp-json\/wp\/v2\/comments?post=1251901"}],"version-history":[{"count":0,"href":"https:\/\/www.acapulcopress.com\/index.php\/wp-json\/wp\/v2\/posts\/1251901\/revisions"}],"wp:featuredmedia":[{"embeddable":true,"href":"https:\/\/www.acapulcopress.com\/index.php\/wp-json\/"}],"wp:attachment":[{"href":"https:\/\/www.acapulcopress.com\/index.php\/wp-json\/wp\/v2\/media?parent=1251901"}],"wp:term":[{"taxonomy":"category","embeddable":true,"href":"https:\/\/www.acapulcopress.com\/index.php\/wp-json\/wp\/v2\/categories?post=1251901"},{"taxonomy":"post_tag","embeddable":true,"href":"https:\/\/www.acapulcopress.com\/index.php\/wp-json\/wp\/v2\/tags?post=1251901"}],"curies":[{"name":"wp","href":"https:\/\/api.w.org\/{rel}","templated":true}]}}